{"id":12756,"date":"2022-08-01T16:41:09","date_gmt":"2022-08-01T16:41:09","guid":{"rendered":"https:\/\/www.ibermusicas.org\/?p=12756"},"modified":"2022-08-30T18:28:48","modified_gmt":"2022-08-30T18:28:48","slug":"o-projecto-saberes-musicais-de-aires-de-dominguillo-da-colombia-lanca-o-seu-ep","status":"publish","type":"post","link":"https:\/\/www.ibermusicas.org\/index.php\/o-projecto-saberes-musicais-de-aires-de-dominguillo-da-colombia-lanca-o-seu-ep\/","title":{"rendered":"O projecto Saberes Musicais de Aires de Dominguillo, da Col\u00f4mbia, lan\u00e7a o seu EP"},"content":{"rendered":"<p dir=\"ltr\">O grupo Aires de Dominguillo nasceu h\u00e1 duas d\u00e9cadas na aldeia rural de Dominguillo, no munic\u00edpio de Santander de Quilichao, Cauca, Col\u00f4mbia. Composto por membros de tr\u00eas gera\u00e7\u00f5es da fam\u00edlia Lasso Caracas e colegas m\u00fasicos, o grupo atua e cria m\u00fasica da tradi\u00e7\u00e3o afro-colombiana de Violines Caucanos.<\/p>\n<p dir=\"ltr\">\n<p dir=\"ltr\">Este grupo tem sido um dos mais not\u00f3rios basti\u00f5es e refer\u00eancias da regi\u00e3o na m\u00fasica tradicional, sendo o portador padr\u00e3o e dirigido por Walter Lasso (compositor e violinista) e Ana Lucia Caracas (cantora e gestora cultural), destacando-se por gerar uma proposta enquadrada nos ritmos tradicionais que s\u00e3o vividos na aldeia de Dominguillo, O trabalho do grupo baseia-se nas diferentes festividades t\u00edpicas deste territ\u00f3rio, participando na dinamiza\u00e7\u00e3o s\u00f3cio-cultural da zona, onde os ritmos dos bambucos, jugas e torbellinos s\u00e3o o ponto de ancoragem e divulga\u00e7\u00e3o do legado afro-norte-caucano.<\/p>\n<p dir=\"ltr\">\n<p dir=\"ltr\">O EP do grupo j\u00e1 est\u00e1 dispon\u00edvel com seis temas musicais da sua pr\u00f3pria autoria e da tradi\u00e7\u00e3o oral de violinos caucanos da Col\u00f4mbia. Este projecto foi gerido em colabora\u00e7\u00e3o com a etnomusic\u00f3loga colombiana Paloma Palau Valderrama, investigadora do Grupo de Estudos Musicais da Universidade Federal do Rio Grande do Sul (Brasil).<\/p>\n<p dir=\"ltr\">\n<p dir=\"ltr\"><a href=\"https:\/\/www.facebook.com\/grupoairesdominguillo\" target=\"_blank\" rel=\"noopener\" data-saferedirecturl=\"https:\/\/www.google.com\/url?q=https:\/\/www.facebook.com\/grupoairesdominguillo&amp;source=gmail&amp;ust=1659457308364000&amp;usg=AOvVaw1ajwnqSU1tzTWCZMSwd9Y3\">https:\/\/www.facebook.com\/<wbr \/>grupoairesdominguillo<\/a><\/p>\n<p dir=\"ltr\">@airesdedominguillo<\/p>\n","protected":false},"excerpt":{"rendered":"<p>O grupo Aires de Dominguillo nasceu h\u00e1 duas d\u00e9cadas na aldeia rural de Dominguillo, no munic\u00edpio de Santander de Quilichao, Cauca, Col\u00f4mbia. Composto por membros de tr\u00eas gera\u00e7\u00f5es da fam\u00edlia Lasso Caracas e colegas m\u00fasicos, o grupo atua e cria m\u00fasica da tradi\u00e7\u00e3o afro-colombiana de Violines Caucanos. Este grupo tem sido um dos mais not\u00f3rios [&hellip;]<\/p>\n","protected":false},"author":1,"featured_media":12754,"comment_status":"closed","ping_status":"closed","sticky":false,"template":"","format":"standard","meta":{"_monsterinsights_skip_tracking":false,"_monsterinsights_sitenote_active":false,"_monsterinsights_sitenote_note":"","_monsterinsights_sitenote_category":0,"footnotes":""},"categories":[218],"tags":[],"class_list":["post-12756","post","type-post","status-publish","format-standard","has-post-thumbnail","hentry","category-noticias-generales-pt"],"lang":"pt","translations":{"pt":12756,"es":12753},"pll_sync_post":[],"post_mailing_queue_ids":[],"_links":{"self":[{"href":"https:\/\/www.ibermusicas.org\/index.php\/wp-json\/wp\/v2\/posts\/12756","targetHints":{"allow":["GET"]}}],"collection":[{"href":"https:\/\/www.ibermusicas.org\/index.php\/wp-json\/wp\/v2\/posts"}],"about":[{"href":"https:\/\/www.ibermusicas.org\/index.php\/wp-json\/wp\/v2\/types\/post"}],"author":[{"embeddable":true,"href":"https:\/\/www.ibermusicas.org\/index.php\/wp-json\/wp\/v2\/users\/1"}],"replies":[{"embeddable":true,"href":"https:\/\/www.ibermusicas.org\/index.php\/wp-json\/wp\/v2\/comments?post=12756"}],"version-history":[{"count":0,"href":"https:\/\/www.ibermusicas.org\/index.php\/wp-json\/wp\/v2\/posts\/12756\/revisions"}],"wp:featuredmedia":[{"embeddable":true,"href":"https:\/\/www.ibermusicas.org\/index.php\/wp-json\/wp\/v2\/media\/12754"}],"wp:attachment":[{"href":"https:\/\/www.ibermusicas.org\/index.php\/wp-json\/wp\/v2\/media?parent=12756"}],"wp:term":[{"taxonomy":"category","embeddable":true,"href":"https:\/\/www.ibermusicas.org\/index.php\/wp-json\/wp\/v2\/categories?post=12756"},{"taxonomy":"post_tag","embeddable":true,"href":"https:\/\/www.ibermusicas.org\/index.php\/wp-json\/wp\/v2\/tags?post=12756"}],"curies":[{"name":"wp","href":"https:\/\/api.w.org\/{rel}","templated":true}]}}