{"id":13111,"date":"2022-08-30T18:35:25","date_gmt":"2022-08-30T18:35:25","guid":{"rendered":"https:\/\/www.ibermusicas.org\/?p=13111"},"modified":"2022-10-03T02:33:01","modified_gmt":"2022-10-03T02:33:01","slug":"paraguai-convida-pesquisadores-professores-e-estudantes-avancados-de-musica-a-apresentar-trabalhos-para-o-2o-simposio-sobre-musica-no-paraguai-a-guarania-patrimonio-cultural-intangivel-do-paragua","status":"publish","type":"post","link":"https:\/\/www.ibermusicas.org\/index.php\/paraguai-convida-pesquisadores-professores-e-estudantes-avancados-de-musica-a-apresentar-trabalhos-para-o-2o-simposio-sobre-musica-no-paraguai-a-guarania-patrimonio-cultural-intangivel-do-paragua\/","title":{"rendered":"Paraguai convida pesquisadores, professores e estudantes avan\u00e7ados de m\u00fasica a apresentar trabalhos para o \u00ab2\u00ba Simp\u00f3sio sobre M\u00fasica no Paraguai: A Guarania, Patrim\u00f4nio Cultural Intang\u00edvel do Paraguai\u00bb"},"content":{"rendered":"<p>Este \u00e9 um chamado para pesquisadores, professores e estudantes avan\u00e7ados de m\u00fasica para a apresenta\u00e7\u00e3o de trabalhos para o \u00ab2\u00ba Simp\u00f3sio sobre M\u00fasica no Paraguai: A Guarania, Patrim\u00f4nio Cultural Intang\u00edvel do Paraguai\u00bb.<\/p>\n<p>&nbsp;<\/p>\n<p>Com o lema \u00abTaipu rory \u00f1ane remiandu\u00bb, a atividade ser\u00e1 realizada em novembro. Reunir\u00e1 m\u00fasicos e estudiosos da m\u00fasica paraguaia em torno de uma profunda reflex\u00e3o sobre a Guarania, para apoiar e acompanhar a nomea\u00e7\u00e3o deste g\u00eanero musical como Patrim\u00f4nio Cultural Intang\u00edvel da Humanidade, perante a UNESCO.<\/p>\n<p>&nbsp;<\/p>\n<p>Haver\u00e1 v\u00e1rios pain\u00e9is e confer\u00eancias, incluindo um chamado \u00abLa Guarania en el Contexto Socio-Cultural Atual\u00bb cujos palestrantes ser\u00e3o selecionados atrav\u00e9s desta chamada nacional de candidaturas at\u00e9 30 de setembro.<\/p>\n<p>&nbsp;<\/p>\n<p>Bases e condi\u00e7\u00f5es <a href=\"https:\/\/bit.ly\/3R3MHgc\">https:\/\/bit.ly\/3R3MHgc<\/a> ou em <a href=\"http:\/\/www.cultura.gov.py\">www.cultura.gov.py<\/a><\/p>\n<p>&nbsp;<\/p>\n<p>FB: <a href=\"https:\/\/www.facebook.com\/culturapy\/posts\/pfbid0gC75uaP91QzN1xbh9z6TFefWaGQjTrYrqzYETHya2KXrXGZgQdnzviiWrhdaTbRql\">https:\/\/www.facebook.com\/culturapy\/posts\/pfbid0gC75uaP91QzN1xbh9z6TFefWaGQjTrYrqzYETHya2KXrXGZgQdnzviiWrhdaTbRql<\/a><\/p>\n<p>&nbsp;<\/p>\n<p>TW: <a href=\"https:\/\/twitter.com\/cultura_py\/status\/1564597146409648128?s=20&amp;t=3NveLTUGjSY3yJTCqkFvEw\">https:\/\/twitter.com\/cultura_py\/status\/1564597146409648128?s=20&amp;t=3NveLTUGjSY3yJTCqkFvEw<\/a><\/p>\n<p>&nbsp;<\/p>\n<p>IG: <a href=\"https:\/\/www.instagram.com\/p\/Ch4mRLyvkhJ\/\">https:\/\/www.instagram.com\/p\/Ch4mRLyvkhJ\/<\/a><\/p>\n","protected":false},"excerpt":{"rendered":"<p>Este \u00e9 um chamado para pesquisadores, professores e estudantes avan\u00e7ados de m\u00fasica para a apresenta\u00e7\u00e3o de trabalhos para o \u00ab2\u00ba Simp\u00f3sio sobre M\u00fasica no Paraguai: A Guarania, Patrim\u00f4nio Cultural Intang\u00edvel do Paraguai\u00bb. &nbsp; Com o lema \u00abTaipu rory \u00f1ane remiandu\u00bb, a atividade ser\u00e1 realizada em novembro. Reunir\u00e1 m\u00fasicos e estudiosos da m\u00fasica paraguaia em torno [&hellip;]<\/p>\n","protected":false},"author":1,"featured_media":13109,"comment_status":"closed","ping_status":"closed","sticky":false,"template":"","format":"standard","meta":{"_monsterinsights_skip_tracking":false,"_monsterinsights_sitenote_active":false,"_monsterinsights_sitenote_note":"","_monsterinsights_sitenote_category":0,"footnotes":""},"categories":[218],"tags":[],"class_list":["post-13111","post","type-post","status-publish","format-standard","has-post-thumbnail","hentry","category-noticias-generales-pt"],"lang":"pt","translations":{"pt":13111,"es":13108},"pll_sync_post":[],"post_mailing_queue_ids":[],"_links":{"self":[{"href":"https:\/\/www.ibermusicas.org\/index.php\/wp-json\/wp\/v2\/posts\/13111","targetHints":{"allow":["GET"]}}],"collection":[{"href":"https:\/\/www.ibermusicas.org\/index.php\/wp-json\/wp\/v2\/posts"}],"about":[{"href":"https:\/\/www.ibermusicas.org\/index.php\/wp-json\/wp\/v2\/types\/post"}],"author":[{"embeddable":true,"href":"https:\/\/www.ibermusicas.org\/index.php\/wp-json\/wp\/v2\/users\/1"}],"replies":[{"embeddable":true,"href":"https:\/\/www.ibermusicas.org\/index.php\/wp-json\/wp\/v2\/comments?post=13111"}],"version-history":[{"count":0,"href":"https:\/\/www.ibermusicas.org\/index.php\/wp-json\/wp\/v2\/posts\/13111\/revisions"}],"wp:featuredmedia":[{"embeddable":true,"href":"https:\/\/www.ibermusicas.org\/index.php\/wp-json\/wp\/v2\/media\/13109"}],"wp:attachment":[{"href":"https:\/\/www.ibermusicas.org\/index.php\/wp-json\/wp\/v2\/media?parent=13111"}],"wp:term":[{"taxonomy":"category","embeddable":true,"href":"https:\/\/www.ibermusicas.org\/index.php\/wp-json\/wp\/v2\/categories?post=13111"},{"taxonomy":"post_tag","embeddable":true,"href":"https:\/\/www.ibermusicas.org\/index.php\/wp-json\/wp\/v2\/tags?post=13111"}],"curies":[{"name":"wp","href":"https:\/\/api.w.org\/{rel}","templated":true}]}}