{"id":13129,"date":"2022-08-30T19:35:35","date_gmt":"2022-08-30T19:35:35","guid":{"rendered":"https:\/\/www.ibermusicas.org\/?p=13129"},"modified":"2022-10-03T02:32:50","modified_gmt":"2022-10-03T02:32:50","slug":"o-registro-esta-agora-aberto-para-o-festiq-artetos-2022-na-colombia","status":"publish","type":"post","link":"https:\/\/www.ibermusicas.org\/index.php\/o-registro-esta-agora-aberto-para-o-festiq-artetos-2022-na-colombia\/","title":{"rendered":"O registro est\u00e1 agora aberto para o FestiQ-Artetos 2022 na Col\u00f4mbia"},"content":{"rendered":"<p>O festival \u00e9 um evento bienal com sede em Bogot\u00e1, fundado em 2014 pelo Cuarteto Q-Arte. Desde seu in\u00edcio tem sido um ponto de encontro para m\u00fasicos profissionais, estudantes e o p\u00fablico em torno da m\u00fasica de quarteto de cordas. O festival apresentou uma extensa programa\u00e7\u00e3o de concertos, workshops e palestras em cada uma de suas vers\u00f5es, tornando-o um dos festivais mais importantes da Am\u00e9rica Latina.<\/p>\n<p>&nbsp;<\/p>\n<p>O Quarteto Jos\u00e9 White, do M\u00e9xico, ser\u00e1 o Quarteto em Resid\u00eancia. Com mais de vinte anos de experi\u00eancia, a CCJW \u00e9 hoje uma refer\u00eancia para a m\u00fasica de c\u00e2mara no M\u00e9xico e na Am\u00e9rica Latina. Formado na tradi\u00e7\u00e3o do quarteto cl\u00e1ssico de cordas, ele chegou aos nossos dias com um repert\u00f3rio contempor\u00e2neo e vanguardista de destaque, principalmente latino-americano. Como herdeira do ensino de seu mestre Jerry Horner, a CCJW se destaca por seu consider\u00e1vel trabalho no campo pedag\u00f3gico, influenciando uma multid\u00e3o de jovens e artistas atrav\u00e9s de seus concertos did\u00e1ticos, confer\u00eancias, oficinas de m\u00fasica de c\u00e2mara e composi\u00e7\u00e3o, bem como um Curso Intensivo anual para Quartetos de Cordas.<\/p>\n<p>&nbsp;<\/p>\n<p>Fabi\u00e1n Panisello ser\u00e1 o compositor em resid\u00eancia. Fabi\u00e1n Panisello, compositor e maestro argentino-espanhol, \u00e9 reconhecido internacionalmente na cena musical contempor\u00e2nea pela alta qualidade de sua obra. Fabi\u00e1n \u00e9 o diretor e fundador do PluralEnsemble, reconhecido como um dos mais relevantes conjuntos musicais contempor\u00e2neos da Europa, com s\u00e9ries de concertos regulares em Madri junto com a Funda\u00e7\u00e3o BBVA, turn\u00eas nacionais e internacionais e uma extensa discografia. Ele \u00e9 professor de Composi\u00e7\u00e3o na Escuela Superior de M\u00fasica Reina Sof\u00eda e professor visitante no Conservat\u00f3rio da China em Pequim. Anteriormente foi Professor de An\u00e1lise entre 1996 e 2000 e Diretor Acad\u00eamico da Escola Superior de M\u00fasica Reina Sof\u00eda e do Instituto Internacional de M\u00fasica de C\u00e1mara de Madrid de 1996 a 2013, e Diretor das mesmas institui\u00e7\u00f5es entre 2014 e 2019. \u00c9 compositor em resid\u00eancia e professor de composi\u00e7\u00e3o em masterclasses em festivais e academias em Graz, Munique, Nova York, Buenos Aires, Davis (CA), Shanghai, Nanning, Beijing, Bogot\u00e1, M\u00e9xico, Leuk (Su\u00ed\u00e7a), Jerusal\u00e9m, Tel Aviv e Budapeste, entre outros.<\/p>\n<p>&nbsp;<\/p>\n<p>Inscri\u00e7\u00e3o at\u00e9 16 de setembro em: <a href=\"http:\/\/www.festiqartetos.com\">www.festiqartetos.com<\/a><\/p>\n<p><a href=\"https:\/\/www.youtube.com\/user\/QarteOfficial\">https:\/\/www.youtube.com\/user\/QarteOfficial<\/a><\/p>\n<p><a href=\"https:\/\/www.facebook.com\/cuartetoq.arte\/\">https:\/\/www.facebook.com\/cuartetoq.arte\/<\/a><\/p>\n","protected":false},"excerpt":{"rendered":"<p>O festival \u00e9 um evento bienal com sede em Bogot\u00e1, fundado em 2014 pelo Cuarteto Q-Arte. Desde seu in\u00edcio tem sido um ponto de encontro para m\u00fasicos profissionais, estudantes e o p\u00fablico em torno da m\u00fasica de quarteto de cordas. O festival apresentou uma extensa programa\u00e7\u00e3o de concertos, workshops e palestras em cada uma de [&hellip;]<\/p>\n","protected":false},"author":1,"featured_media":13127,"comment_status":"closed","ping_status":"closed","sticky":false,"template":"","format":"standard","meta":{"_monsterinsights_skip_tracking":false,"_monsterinsights_sitenote_active":false,"_monsterinsights_sitenote_note":"","_monsterinsights_sitenote_category":0,"footnotes":""},"categories":[218],"tags":[],"class_list":["post-13129","post","type-post","status-publish","format-standard","has-post-thumbnail","hentry","category-noticias-generales-pt"],"lang":"pt","translations":{"pt":13129,"es":13126},"pll_sync_post":[],"post_mailing_queue_ids":[],"_links":{"self":[{"href":"https:\/\/www.ibermusicas.org\/index.php\/wp-json\/wp\/v2\/posts\/13129","targetHints":{"allow":["GET"]}}],"collection":[{"href":"https:\/\/www.ibermusicas.org\/index.php\/wp-json\/wp\/v2\/posts"}],"about":[{"href":"https:\/\/www.ibermusicas.org\/index.php\/wp-json\/wp\/v2\/types\/post"}],"author":[{"embeddable":true,"href":"https:\/\/www.ibermusicas.org\/index.php\/wp-json\/wp\/v2\/users\/1"}],"replies":[{"embeddable":true,"href":"https:\/\/www.ibermusicas.org\/index.php\/wp-json\/wp\/v2\/comments?post=13129"}],"version-history":[{"count":0,"href":"https:\/\/www.ibermusicas.org\/index.php\/wp-json\/wp\/v2\/posts\/13129\/revisions"}],"wp:featuredmedia":[{"embeddable":true,"href":"https:\/\/www.ibermusicas.org\/index.php\/wp-json\/wp\/v2\/media\/13127"}],"wp:attachment":[{"href":"https:\/\/www.ibermusicas.org\/index.php\/wp-json\/wp\/v2\/media?parent=13129"}],"wp:term":[{"taxonomy":"category","embeddable":true,"href":"https:\/\/www.ibermusicas.org\/index.php\/wp-json\/wp\/v2\/categories?post=13129"},{"taxonomy":"post_tag","embeddable":true,"href":"https:\/\/www.ibermusicas.org\/index.php\/wp-json\/wp\/v2\/tags?post=13129"}],"curies":[{"name":"wp","href":"https:\/\/api.w.org\/{rel}","templated":true}]}}