{"id":13155,"date":"2022-08-30T19:59:33","date_gmt":"2022-08-30T19:59:33","guid":{"rendered":"https:\/\/www.ibermusicas.org\/?p=13155"},"modified":"2022-10-03T02:32:26","modified_gmt":"2022-10-03T02:32:26","slug":"a-muslab-mexico-international-electroacoustic-music-showcase-apresenta-sua-serie-de-palestras-e-concertos","status":"publish","type":"post","link":"https:\/\/www.ibermusicas.org\/index.php\/a-muslab-mexico-international-electroacoustic-music-showcase-apresenta-sua-serie-de-palestras-e-concertos\/","title":{"rendered":"A MUSLAB M\u00e9xico (International Electroacoustic Music Showcase) apresenta sua s\u00e9rie de palestras e concertos"},"content":{"rendered":"<p>Sob a dire\u00e7\u00e3o do Maestro Pedro Castillo Lara, ser\u00e1 realizada a primeira s\u00e9rie de palestras e concertos educativos da \u00abMuestra Internacional de M\u00fasica Electroac\u00fastica, MUSLAB\u00bb.<\/p>\n<p>&nbsp;<\/p>\n<p>A MUSLAB foi criada em 2014 pelo Maestro Castillo Lara e a Associa\u00e7\u00e3o CaminArt; desde ent\u00e3o, a mostra foi realizada em colabora\u00e7\u00e3o com 36 institui\u00e7\u00f5es culturais no M\u00e9xico, Argentina, Brasil, Peru, Portugal, Espanha, Inglaterra e Fran\u00e7a, o que posiciona a MUSLAB como uma plataforma ibero-americana para a cultura desde 2017.<\/p>\n<p>&nbsp;<\/p>\n<p>Em suas \u00faltimas cinco edi\u00e7\u00f5es, esta iniciativa recebeu mais de 2500 obras de 48 pa\u00edses do mundo, programou mais de 750 artistas em 72 concertos que aconteceram em diferentes cidades com mais de 25.000 p\u00fablicos diretos. Atrav\u00e9s da cria\u00e7\u00e3o de projetos culturais de arte sonora, sua miss\u00e3o \u00e9 promover e difundir a cria\u00e7\u00e3o art\u00edstica contempor\u00e2nea, gerar acesso \u00e0 educa\u00e7\u00e3o especializada em m\u00fasica e novas tecnologias.<\/p>\n<p>&nbsp;<\/p>\n<p>O festival MUSLAB tamb\u00e9m visa contribuir para a recupera\u00e7\u00e3o dos espa\u00e7os p\u00fablicos e promover a conviv\u00eancia social pac\u00edfica atrav\u00e9s de interven\u00e7\u00f5es contempor\u00e2neas de arte sonora e proje\u00e7\u00f5es de v\u00eddeo em edif\u00edcios, parques, locais culturais e educacionais nas diferentes cidades que sediam o festival. Neste sentido, o Festival \u00e9 acompanhado por uma s\u00e9rie de cursos e workshops multidisciplinares que s\u00e3o ministrados dentro do campus de treinamento em diferentes n\u00edveis para proporcionar acesso a novas ferramentas que podem auxiliar jovens compositores na cria\u00e7\u00e3o de empreendimentos culturais e melhorar as oportunidades de inser\u00e7\u00e3o em mercados culturais.<\/p>\n<p>&nbsp;<\/p>\n<p>O Ciclo de Confer\u00eancias e Concertos Did\u00e1ticos que est\u00e1 sendo apresentado agora visa reunir uma cole\u00e7\u00e3o de confer\u00eancias, entrevistas e concertos de diferentes compositores latino-americanos, a fim de salvaguardar uma parte de seu trabalho, seu pensamento criativo e sua abordagem da composi\u00e7\u00e3o eletroac\u00fastica. Procura promover o interesse e o respeito pela diversidade no patrim\u00f4nio imaterial: a arte contempor\u00e2nea da Ibero-Am\u00e9rica, e oferecer aos compositores emergentes conte\u00fados valiosos de m\u00fasicos experientes com reconhecimento internacional.<\/p>\n<p>&nbsp;<\/p>\n<p>Nesta edi\u00e7\u00e3o, a Argentina ser\u00e1 o pa\u00eds convidado. Participar\u00e3o os compositores Mario Mary, N\u00e9stor Ciravolo, Fernando Curiel, Gustavo Chab, Javier Leichman e Dami\u00e1n Ratto.<\/p>\n<p>&nbsp;<\/p>\n<p>De 1 a 6 de setembro<\/p>\n<p><a href=\"https:\/\/muslab.org\/conferencias_conciertos_didacticos_ibermusicas.html\">https:\/\/muslab.org\/conferencias_conciertos_didacticos_ibermusicas.html<\/a><\/p>\n<p><a href=\"https:\/\/www.facebook.com\/muslabensamble\">https:\/\/www.facebook.com\/muslabensamble<\/a><\/p>\n","protected":false},"excerpt":{"rendered":"<p>Sob a dire\u00e7\u00e3o do Maestro Pedro Castillo Lara, ser\u00e1 realizada a primeira s\u00e9rie de palestras e concertos educativos da \u00abMuestra Internacional de M\u00fasica Electroac\u00fastica, MUSLAB\u00bb. &nbsp; A MUSLAB foi criada em 2014 pelo Maestro Castillo Lara e a Associa\u00e7\u00e3o CaminArt; desde ent\u00e3o, a mostra foi realizada em colabora\u00e7\u00e3o com 36 institui\u00e7\u00f5es culturais no M\u00e9xico, Argentina, [&hellip;]<\/p>\n","protected":false},"author":1,"featured_media":13153,"comment_status":"closed","ping_status":"closed","sticky":false,"template":"","format":"standard","meta":{"_monsterinsights_skip_tracking":false,"_monsterinsights_sitenote_active":false,"_monsterinsights_sitenote_note":"","_monsterinsights_sitenote_category":0,"footnotes":""},"categories":[218],"tags":[],"class_list":["post-13155","post","type-post","status-publish","format-standard","has-post-thumbnail","hentry","category-noticias-generales-pt"],"lang":"pt","translations":{"pt":13155,"es":13152},"pll_sync_post":[],"post_mailing_queue_ids":[],"_links":{"self":[{"href":"https:\/\/www.ibermusicas.org\/index.php\/wp-json\/wp\/v2\/posts\/13155","targetHints":{"allow":["GET"]}}],"collection":[{"href":"https:\/\/www.ibermusicas.org\/index.php\/wp-json\/wp\/v2\/posts"}],"about":[{"href":"https:\/\/www.ibermusicas.org\/index.php\/wp-json\/wp\/v2\/types\/post"}],"author":[{"embeddable":true,"href":"https:\/\/www.ibermusicas.org\/index.php\/wp-json\/wp\/v2\/users\/1"}],"replies":[{"embeddable":true,"href":"https:\/\/www.ibermusicas.org\/index.php\/wp-json\/wp\/v2\/comments?post=13155"}],"version-history":[{"count":0,"href":"https:\/\/www.ibermusicas.org\/index.php\/wp-json\/wp\/v2\/posts\/13155\/revisions"}],"wp:featuredmedia":[{"embeddable":true,"href":"https:\/\/www.ibermusicas.org\/index.php\/wp-json\/wp\/v2\/media\/13153"}],"wp:attachment":[{"href":"https:\/\/www.ibermusicas.org\/index.php\/wp-json\/wp\/v2\/media?parent=13155"}],"wp:term":[{"taxonomy":"category","embeddable":true,"href":"https:\/\/www.ibermusicas.org\/index.php\/wp-json\/wp\/v2\/categories?post=13155"},{"taxonomy":"post_tag","embeddable":true,"href":"https:\/\/www.ibermusicas.org\/index.php\/wp-json\/wp\/v2\/tags?post=13155"}],"curies":[{"name":"wp","href":"https:\/\/api.w.org\/{rel}","templated":true}]}}