{"id":13165,"date":"2022-08-30T20:12:50","date_gmt":"2022-08-30T20:12:50","guid":{"rendered":"https:\/\/www.ibermusicas.org\/?p=13165"},"modified":"2022-10-03T02:32:12","modified_gmt":"2022-10-03T02:32:12","slug":"a-estacion-del-arte-do-paraguai-inicia-seu-ciclo-de-concertos-e-palestras-na-triplice-fronteira","status":"publish","type":"post","link":"https:\/\/www.ibermusicas.org\/index.php\/a-estacion-del-arte-do-paraguai-inicia-seu-ciclo-de-concertos-e-palestras-na-triplice-fronteira\/","title":{"rendered":"A Estaci\u00f3n del Arte do Paraguai inicia seu ciclo de concertos e palestras na Tr\u00edplice Fronteira"},"content":{"rendered":"<p>Estaci\u00f3n del Arte \u00e9 uma casa cultural de eventos que d\u00e1 espa\u00e7o e visibilidade \u00e0 cultura e \u00e0 arte da regi\u00e3o, entendendo-a como uma \u00abtripla fronteira\u00bb. Est\u00e1 localizada em Presidente Franco (Paraguai), faz fronteira com Foz de Iguaz\u00fa (Brasil) e Puerto Iguaz\u00fa (Argentina). A partir de setembro, uma s\u00e9rie de concertos de importantes artistas do Paraguai, Brasil e Argentina ser\u00e1 realizada.<\/p>\n<p>&nbsp;<\/p>\n<p>Al\u00e9m dos concertos musicais, os artistas participantes dar\u00e3o palestras sobre suas \u00e1reas espec\u00edficas de especializa\u00e7\u00e3o. Alguns dos temas ser\u00e3o: o requinto no Paraguai por Panchi Duarte (Py), o bandoneon na m\u00fasica da regi\u00e3o por Los N\u00fa\u00f1ez (Ar), propostas est\u00e9ticas contempor\u00e2neas para o folclore paraguaio por Mart\u00edn Ortega (Py), cantores-compositores por Tha\u00eds Montenegro (Br), processos criativos por Ellen Mir\u00fa (Br), a harpa paraguaia contempor\u00e2nea por Sixto Corbal\u00e1n (Py).<\/p>\n<p>&nbsp;<\/p>\n<p>&nbsp;<\/p>\n<p>3 de setembro Herenncia Latina (Brasil). Conversa \u00e0s 20h e concerto \u00e0s 21h.<\/p>\n<p>16 de setembro Panchi Duarte (Paraguai). Conversa \u00e0s 20h e concerto \u00e0s 21h.<\/p>\n<p>&nbsp;<\/p>\n<p>Todos os eventos ser\u00e3o realizados pessoalmente na Estaci\u00f3n del Arte, Presidente Franco, Paraguai.<\/p>\n<p>&nbsp;<\/p>\n<p>Transmiss\u00e3o ao vivo por: <a href=\"https:\/\/www.facebook.com\/estaciondelarte1\">https:\/\/www.facebook.com\/estaciondelarte1<\/a> e por<\/p>\n<p><a href=\"https:\/\/www.youtube.com\/channel\/UClnu_dsVYeAP6xLlLqnyF4A\/featured\">https:\/\/www.youtube.com\/channel\/UClnu_dsVYeAP6xLlLqnyF4A\/featured<\/a><\/p>\n","protected":false},"excerpt":{"rendered":"<p>Estaci\u00f3n del Arte \u00e9 uma casa cultural de eventos que d\u00e1 espa\u00e7o e visibilidade \u00e0 cultura e \u00e0 arte da regi\u00e3o, entendendo-a como uma \u00abtripla fronteira\u00bb. Est\u00e1 localizada em Presidente Franco (Paraguai), faz fronteira com Foz de Iguaz\u00fa (Brasil) e Puerto Iguaz\u00fa (Argentina). A partir de setembro, uma s\u00e9rie de concertos de importantes artistas do [&hellip;]<\/p>\n","protected":false},"author":1,"featured_media":13163,"comment_status":"closed","ping_status":"closed","sticky":false,"template":"","format":"standard","meta":{"_monsterinsights_skip_tracking":false,"_monsterinsights_sitenote_active":false,"_monsterinsights_sitenote_note":"","_monsterinsights_sitenote_category":0,"footnotes":""},"categories":[218],"tags":[],"class_list":["post-13165","post","type-post","status-publish","format-standard","has-post-thumbnail","hentry","category-noticias-generales-pt"],"lang":"pt","translations":{"pt":13165,"es":13162},"pll_sync_post":[],"post_mailing_queue_ids":[],"_links":{"self":[{"href":"https:\/\/www.ibermusicas.org\/index.php\/wp-json\/wp\/v2\/posts\/13165","targetHints":{"allow":["GET"]}}],"collection":[{"href":"https:\/\/www.ibermusicas.org\/index.php\/wp-json\/wp\/v2\/posts"}],"about":[{"href":"https:\/\/www.ibermusicas.org\/index.php\/wp-json\/wp\/v2\/types\/post"}],"author":[{"embeddable":true,"href":"https:\/\/www.ibermusicas.org\/index.php\/wp-json\/wp\/v2\/users\/1"}],"replies":[{"embeddable":true,"href":"https:\/\/www.ibermusicas.org\/index.php\/wp-json\/wp\/v2\/comments?post=13165"}],"version-history":[{"count":0,"href":"https:\/\/www.ibermusicas.org\/index.php\/wp-json\/wp\/v2\/posts\/13165\/revisions"}],"wp:featuredmedia":[{"embeddable":true,"href":"https:\/\/www.ibermusicas.org\/index.php\/wp-json\/wp\/v2\/media\/13163"}],"wp:attachment":[{"href":"https:\/\/www.ibermusicas.org\/index.php\/wp-json\/wp\/v2\/media?parent=13165"}],"wp:term":[{"taxonomy":"category","embeddable":true,"href":"https:\/\/www.ibermusicas.org\/index.php\/wp-json\/wp\/v2\/categories?post=13165"},{"taxonomy":"post_tag","embeddable":true,"href":"https:\/\/www.ibermusicas.org\/index.php\/wp-json\/wp\/v2\/tags?post=13165"}],"curies":[{"name":"wp","href":"https:\/\/api.w.org\/{rel}","templated":true}]}}