{"id":13221,"date":"2022-08-30T21:49:41","date_gmt":"2022-08-30T21:49:41","guid":{"rendered":"https:\/\/www.ibermusicas.org\/?p=13221"},"modified":"2022-08-30T21:49:41","modified_gmt":"2022-08-30T21:49:41","slug":"o-contrabaixista-uruguaio-facundo-estefanell-apresenta-a-terceira-musica-de-seu-novo-disco","status":"publish","type":"post","link":"https:\/\/www.ibermusicas.org\/index.php\/o-contrabaixista-uruguaio-facundo-estefanell-apresenta-a-terceira-musica-de-seu-novo-disco\/","title":{"rendered":"O contrabaixista uruguaio Facundo Estefanell apresenta a terceira m\u00fasica de seu novo disco"},"content":{"rendered":"<p>D\u00edas de Montevideo \u00e9 o t\u00edtulo da segunda m\u00fasica de Ra\u00edzes Contempor\u00e2neas, o novo disco de Facundo Estefanell. Trata-se de um disco de tem\u00e1tica jazzista com fundamentos nos ritmos uruguaios como o candombe, tango, folclore, misturando cores latinas e t\u00e9cnicas da m\u00fasica cl\u00e1ssica.<\/p>\n<p>&nbsp;<\/p>\n<p>O \u00e1lbum foi gravado sem metr\u00f4nomo e sem edi\u00e7\u00e3o, do modo em que historicamente eram gravados os discos de jazz, captando os sentimentos org\u00e2nicos de todos os m\u00fasicos e o play verdadeiro, sem altera\u00e7\u00f5es nem corre\u00e7\u00f5es de \u00e1udio, deixando a m\u00fasica mais viva, longe do rob\u00f3tico, trazendo um ar fresco, humano e muita sensibilidade art\u00edstica. O \u00e1lbum foi gravado no Rio de Janeiro por m\u00fasicos da Argentina, Col\u00f4mbia, Uruguai e Brasil, fundindo v\u00e1rias culturas com muita pluralidade .<\/p>\n<p>&nbsp;<\/p>\n<p>Facundo Estefanell investiga o Tango, Candombe, M\u00fasica Cl\u00e1ssica e se destaca como compositor e instrumentista na cena do jazz no Rio de Janeiro. Convida-nos a unir as diferentes culturas e as novas tecnologias sonoras, enfatizando os ritmos aut\u00f3ctones do Uruguai.<\/p>\n<p>&nbsp;<\/p>\n<p>Ver e escutar em:<\/p>\n<p><a href=\"https:\/\/m.youtube.com\/watch?v=yDJGNTdsECI\">https:\/\/m.youtube.com\/watch?v=yDJGNTdsECI<\/a><\/p>\n<p><a href=\"https:\/\/onerpm.link\/227016957854\">https:\/\/onerpm.link\/227016957854<\/a><\/p>\n","protected":false},"excerpt":{"rendered":"<p>D\u00edas de Montevideo \u00e9 o t\u00edtulo da segunda m\u00fasica de Ra\u00edzes Contempor\u00e2neas, o novo disco de Facundo Estefanell. Trata-se de um disco de tem\u00e1tica jazzista com fundamentos nos ritmos uruguaios como o candombe, tango, folclore, misturando cores latinas e t\u00e9cnicas da m\u00fasica cl\u00e1ssica. &nbsp; O \u00e1lbum foi gravado sem metr\u00f4nomo e sem edi\u00e7\u00e3o, do modo [&hellip;]<\/p>\n","protected":false},"author":1,"featured_media":13219,"comment_status":"closed","ping_status":"closed","sticky":false,"template":"","format":"standard","meta":{"_monsterinsights_skip_tracking":false,"_monsterinsights_sitenote_active":false,"_monsterinsights_sitenote_note":"","_monsterinsights_sitenote_category":0,"footnotes":""},"categories":[218],"tags":[],"class_list":["post-13221","post","type-post","status-publish","format-standard","has-post-thumbnail","hentry","category-noticias-generales-pt"],"lang":"pt","translations":{"pt":13221,"es":13218},"pll_sync_post":[],"post_mailing_queue_ids":[],"_links":{"self":[{"href":"https:\/\/www.ibermusicas.org\/index.php\/wp-json\/wp\/v2\/posts\/13221","targetHints":{"allow":["GET"]}}],"collection":[{"href":"https:\/\/www.ibermusicas.org\/index.php\/wp-json\/wp\/v2\/posts"}],"about":[{"href":"https:\/\/www.ibermusicas.org\/index.php\/wp-json\/wp\/v2\/types\/post"}],"author":[{"embeddable":true,"href":"https:\/\/www.ibermusicas.org\/index.php\/wp-json\/wp\/v2\/users\/1"}],"replies":[{"embeddable":true,"href":"https:\/\/www.ibermusicas.org\/index.php\/wp-json\/wp\/v2\/comments?post=13221"}],"version-history":[{"count":0,"href":"https:\/\/www.ibermusicas.org\/index.php\/wp-json\/wp\/v2\/posts\/13221\/revisions"}],"wp:featuredmedia":[{"embeddable":true,"href":"https:\/\/www.ibermusicas.org\/index.php\/wp-json\/wp\/v2\/media\/13219"}],"wp:attachment":[{"href":"https:\/\/www.ibermusicas.org\/index.php\/wp-json\/wp\/v2\/media?parent=13221"}],"wp:term":[{"taxonomy":"category","embeddable":true,"href":"https:\/\/www.ibermusicas.org\/index.php\/wp-json\/wp\/v2\/categories?post=13221"},{"taxonomy":"post_tag","embeddable":true,"href":"https:\/\/www.ibermusicas.org\/index.php\/wp-json\/wp\/v2\/tags?post=13221"}],"curies":[{"name":"wp","href":"https:\/\/api.w.org\/{rel}","templated":true}]}}