{"id":13409,"date":"2022-09-15T17:51:01","date_gmt":"2022-09-15T17:51:01","guid":{"rendered":"https:\/\/www.ibermusicas.org\/?p=13409"},"modified":"2022-10-03T02:29:16","modified_gmt":"2022-10-03T02:29:16","slug":"a-rede-iberoamericana-de-orquestras-sinfonicas-rios-convida-para-uma-formacao-profissional-para-arquivistas-e-bibliotecarios-musicais","status":"publish","type":"post","link":"https:\/\/www.ibermusicas.org\/index.php\/a-rede-iberoamericana-de-orquestras-sinfonicas-rios-convida-para-uma-formacao-profissional-para-arquivistas-e-bibliotecarios-musicais\/","title":{"rendered":"A Rede Iberoamericana de Orquestras Sinf\u00f4nicas &#8211; RIOS convida para uma forma\u00e7\u00e3o profissional para Arquivistas e Bibliotec\u00e1rios Musicais"},"content":{"rendered":"<p dir=\"ltr\">A Rede Ibero-Americana de Orquestras Sinf\u00f4nicas &#8211; RIOS impulsiona\u00a0 o desenvolvimento da m\u00fasica sinf\u00f4nica promovendo a integra\u00e7\u00e3o e a coopera\u00e7\u00e3o, com ferramentas que contribuem para a promo\u00e7\u00e3o da m\u00fasica orquestral, o interc\u00e2mbio de conhecimentos, a identifica\u00e7\u00e3o de desafios e a coordena\u00e7\u00e3o de agendas, fortalecendo as institui\u00e7\u00f5es e o setor em geral. Atualmente \u00e9 formada por 34 orquestras de 15 pa\u00edses e est\u00e1 permanentemente aberta \u00e0 incorpora\u00e7\u00e3o de novas institui\u00e7\u00f5es que buscam ingressar na Rede.<\/p>\n<p>&nbsp;<\/p>\n<p dir=\"ltr\">RIOS tamb\u00e9m oferece oportunidades de treinamento profissional credenciado que respondem \u00e0s necessidades muito espec\u00edficas dos artistas e do pessoal administrativo e t\u00e9cnico das orquestras. Dentro desta estrutura, o primeiro treinamento profissional dedicado ao aperfei\u00e7oamento de arquivistas e bibliotec\u00e1rios musicais \u00e9 realizado em articula\u00e7\u00e3o com a MOLA (Major Orchestra Librarians&#8217; Association), uma organiza\u00e7\u00e3o l\u00edder na padroniza\u00e7\u00e3o destas pr\u00e1ticas em n\u00edvel global.<\/p>\n<p>&nbsp;<\/p>\n<p dir=\"ltr\">O treinamento ser\u00e1 ministrado por Angels Martinez (Metropolitan Opera House) e Claudia Restrepo (Utah Symphony e Utah Opera). A atividade \u00e9 planejada com uma sess\u00e3o inicial (apresenta\u00e7\u00e3o e planejamento da agenda final) e 4 sess\u00f5es subseq\u00fcentes com o seguinte esquema sugerido:<\/p>\n<p>&nbsp;<\/p>\n<ul>\n<li dir=\"ltr\">\n<p dir=\"ltr\" role=\"presentation\">Sess\u00e3o 1: Introdu\u00e7\u00e3o: o que \u00e9\/o que faz um bibliotec\u00e1rio orquestral + Perguntas e respostas ao final da sess\u00e3o.<\/p>\n<\/li>\n<li dir=\"ltr\">\n<p dir=\"ltr\" role=\"presentation\">Sess\u00e3o 2: Parte administrativa: instrumentos, programas, comunica\u00e7\u00e3o com maestros e artistas, vers\u00f5es de obras, editoras, materiais que precisam ser alugados, direitos autorais.<\/p>\n<\/li>\n<li dir=\"ltr\">\n<p dir=\"ltr\" role=\"presentation\">Sess\u00e3o 3: Preparando a m\u00fasica: arcos, erratas, transposi\u00e7\u00f5es, cortes, etc.<\/p>\n<\/li>\n<li dir=\"ltr\">\n<p dir=\"ltr\" role=\"presentation\">Sess\u00e3o 4: Coleta: Encaderna\u00e7\u00e3o, tipos de papel, como manter uma cole\u00e7\u00e3o, bancos de dados, photoshop, loja de c\u00f3pias, perguntas e sugest\u00f5es finais.<\/p>\n<\/li>\n<\/ul>\n<p>&nbsp;<\/p>\n<p dir=\"ltr\">30 de setembro, 7, 14 e 21 de outubro (e 28 de outubro em reserva) por videoconfer\u00eancia nos seguintes hor\u00e1rios: 9 hs MX (GMT-7), 10 hs CR (GMT-6), 11 hs CO\/MX\/EC\/PA\/PE (GMT-5), 12 hs PY\/VE\/CU\/CL (GMT-4), 13 hs AR\/BR\/UY (GMT-3), 17 hs PT (GMT+1), 18 hs ES (GMT+2).<\/p>\n<p>&nbsp;<\/p>\n<p dir=\"ltr\">Inscri\u00e7\u00e3o em: <a href=\"https:\/\/forms.gle\/rcWLstRf7X61c34C9\" target=\"_blank\" rel=\"noopener\" data-saferedirecturl=\"https:\/\/www.google.com\/url?q=https:\/\/forms.gle\/rcWLstRf7X61c34C9&amp;source=gmail&amp;ust=1663341659040000&amp;usg=AOvVaw1scT5UzbP9f4q177olktua\">https:\/\/forms.gle\/<wbr \/>rcWLstRf7X61c34C9<\/a><\/p>\n","protected":false},"excerpt":{"rendered":"<p>A Rede Ibero-Americana de Orquestras Sinf\u00f4nicas &#8211; RIOS impulsiona\u00a0 o desenvolvimento da m\u00fasica sinf\u00f4nica promovendo a integra\u00e7\u00e3o e a coopera\u00e7\u00e3o, com ferramentas que contribuem para a promo\u00e7\u00e3o da m\u00fasica orquestral, o interc\u00e2mbio de conhecimentos, a identifica\u00e7\u00e3o de desafios e a coordena\u00e7\u00e3o de agendas, fortalecendo as institui\u00e7\u00f5es e o setor em geral. Atualmente \u00e9 formada por [&hellip;]<\/p>\n","protected":false},"author":1,"featured_media":11985,"comment_status":"closed","ping_status":"closed","sticky":false,"template":"","format":"standard","meta":{"_monsterinsights_skip_tracking":false,"_monsterinsights_sitenote_active":false,"_monsterinsights_sitenote_note":"","_monsterinsights_sitenote_category":0,"footnotes":""},"categories":[218],"tags":[],"class_list":["post-13409","post","type-post","status-publish","format-standard","has-post-thumbnail","hentry","category-noticias-generales-pt"],"lang":"pt","translations":{"pt":13409},"pll_sync_post":[],"post_mailing_queue_ids":[],"_links":{"self":[{"href":"https:\/\/www.ibermusicas.org\/index.php\/wp-json\/wp\/v2\/posts\/13409","targetHints":{"allow":["GET"]}}],"collection":[{"href":"https:\/\/www.ibermusicas.org\/index.php\/wp-json\/wp\/v2\/posts"}],"about":[{"href":"https:\/\/www.ibermusicas.org\/index.php\/wp-json\/wp\/v2\/types\/post"}],"author":[{"embeddable":true,"href":"https:\/\/www.ibermusicas.org\/index.php\/wp-json\/wp\/v2\/users\/1"}],"replies":[{"embeddable":true,"href":"https:\/\/www.ibermusicas.org\/index.php\/wp-json\/wp\/v2\/comments?post=13409"}],"version-history":[{"count":0,"href":"https:\/\/www.ibermusicas.org\/index.php\/wp-json\/wp\/v2\/posts\/13409\/revisions"}],"wp:featuredmedia":[{"embeddable":true,"href":"https:\/\/www.ibermusicas.org\/index.php\/wp-json\/wp\/v2\/media\/11985"}],"wp:attachment":[{"href":"https:\/\/www.ibermusicas.org\/index.php\/wp-json\/wp\/v2\/media?parent=13409"}],"wp:term":[{"taxonomy":"category","embeddable":true,"href":"https:\/\/www.ibermusicas.org\/index.php\/wp-json\/wp\/v2\/categories?post=13409"},{"taxonomy":"post_tag","embeddable":true,"href":"https:\/\/www.ibermusicas.org\/index.php\/wp-json\/wp\/v2\/tags?post=13409"}],"curies":[{"name":"wp","href":"https:\/\/api.w.org\/{rel}","templated":true}]}}