{"id":13551,"date":"2022-10-14T20:23:08","date_gmt":"2022-10-14T20:23:08","guid":{"rendered":"https:\/\/www.ibermusicas.org\/?p=13551"},"modified":"2022-10-21T17:58:01","modified_gmt":"2022-10-21T17:58:01","slug":"la-17a-edicion-del-festival-sonamos-latinoamerica-de-argentina-recibira-en-su-programacion-karina-clavijo-y-la-diversa-de-ecuador","status":"publish","type":"post","link":"https:\/\/www.ibermusicas.org\/index.php\/la-17a-edicion-del-festival-sonamos-latinoamerica-de-argentina-recibira-en-su-programacion-karina-clavijo-y-la-diversa-de-ecuador\/","title":{"rendered":"La 17\u00aa edici\u00f3n del Festival Sonamos Latinoam\u00e9rica de Argentina recibir\u00e1 en su programaci\u00f3n Karina Clavijo y La Diversa de Ecuador"},"content":{"rendered":"<p>Karina Clavijo es etnomusic\u00f3loga, artista de la m\u00fasica popular, cantautora, investigadora de la antropolog\u00eda musical ecuatoriana, cantora de grupos tradicionales afroesmeralde\u00f1os, docente de canto afro en la Universidad Central del Ecuador. Se ha presentado en importantes escenarios nacionales e internacionales.<\/p>\n<p>Karina se entrega a la composici\u00f3n de nueva m\u00fasica ecuatoriana. Crea canciones con un formato diferente al tradicional y quiere empezar a trabajar con instrumentos de viento.<\/p>\n<p>&nbsp;<\/p>\n<p>Premiada el 8 de marzo del 2015 con la Condecoraci\u00f3n Benjam\u00edn Carri\u00f3n, que otorga la Casa de la Cultura Ecuatoriana por m\u00e9ritos culturales. Ganadora de varios premios de composici\u00f3n otorgados por la Sociedad de Autores y Compositores del Ecuador y medios de comunicaci\u00f3n.<\/p>\n<p>&nbsp;<\/p>\n<p>Su m\u00fasica, su ser todo, manifiesta una conexi\u00f3n con lo afro y lo ind\u00edgena, lo coste\u00f1o y lo serrano. Asegura que lo ind\u00edgena lo lleva muy dentro y que por eso componer m\u00fasica con sentido ind\u00edgena le sale muy natural. \u201cNi siquiera tengo que estudiarlo tanto, como le he o\u00eddo tanto cantar a mi abuela, siento que lo llevo dentro\u201d. Lo afro, si bien lo conoce desde ni\u00f1a, le ha costado estudiar m\u00e1s porque es un mundo r\u00edtmico aprendido, asimilado y se siente tambi\u00e9n parte de las comunidades afro.<\/p>\n<p>&nbsp;<\/p>\n<p>Le encanta colaborar con otros artistas en sus presentaciones de libros, inauguraciones de exposiciones de pintura. Participa en festivales de cantautoras. Ha cantado con el grupo afroecuatoriano Ubunto, con el que desarrolla muchas actividades musicales.<\/p>\n<p>&nbsp;<\/p>\n<p>Del 21 al 30 de octubre en Argentina<\/p>\n","protected":false},"excerpt":{"rendered":"<p>Karina Clavijo es etnomusic\u00f3loga, artista de la m\u00fasica popular, cantautora, investigadora de la antropolog\u00eda musical ecuatoriana, cantora de grupos tradicionales afroesmeralde\u00f1os, docente de canto afro en la Universidad Central del Ecuador. Se ha presentado en importantes escenarios nacionales e internacionales. Karina se entrega a la composici\u00f3n de nueva m\u00fasica ecuatoriana. Crea canciones con un formato [&hellip;]<\/p>\n","protected":false},"author":1,"featured_media":13623,"comment_status":"closed","ping_status":"closed","sticky":false,"template":"","format":"standard","meta":{"_monsterinsights_skip_tracking":false,"_monsterinsights_sitenote_active":false,"_monsterinsights_sitenote_note":"","_monsterinsights_sitenote_category":0,"footnotes":""},"categories":[53],"tags":[],"class_list":["post-13551","post","type-post","status-publish","format-standard","has-post-thumbnail","hentry","category-noticias-generales"],"lang":"es","translations":{"es":13551,"pt":13553},"pll_sync_post":[],"post_mailing_queue_ids":[],"_links":{"self":[{"href":"https:\/\/www.ibermusicas.org\/index.php\/wp-json\/wp\/v2\/posts\/13551","targetHints":{"allow":["GET"]}}],"collection":[{"href":"https:\/\/www.ibermusicas.org\/index.php\/wp-json\/wp\/v2\/posts"}],"about":[{"href":"https:\/\/www.ibermusicas.org\/index.php\/wp-json\/wp\/v2\/types\/post"}],"author":[{"embeddable":true,"href":"https:\/\/www.ibermusicas.org\/index.php\/wp-json\/wp\/v2\/users\/1"}],"replies":[{"embeddable":true,"href":"https:\/\/www.ibermusicas.org\/index.php\/wp-json\/wp\/v2\/comments?post=13551"}],"version-history":[{"count":0,"href":"https:\/\/www.ibermusicas.org\/index.php\/wp-json\/wp\/v2\/posts\/13551\/revisions"}],"wp:featuredmedia":[{"embeddable":true,"href":"https:\/\/www.ibermusicas.org\/index.php\/wp-json\/wp\/v2\/media\/13623"}],"wp:attachment":[{"href":"https:\/\/www.ibermusicas.org\/index.php\/wp-json\/wp\/v2\/media?parent=13551"}],"wp:term":[{"taxonomy":"category","embeddable":true,"href":"https:\/\/www.ibermusicas.org\/index.php\/wp-json\/wp\/v2\/categories?post=13551"},{"taxonomy":"post_tag","embeddable":true,"href":"https:\/\/www.ibermusicas.org\/index.php\/wp-json\/wp\/v2\/tags?post=13551"}],"curies":[{"name":"wp","href":"https:\/\/api.w.org\/{rel}","templated":true}]}}