{"id":13989,"date":"2022-11-15T18:40:50","date_gmt":"2022-11-15T18:40:50","guid":{"rendered":"https:\/\/www.ibermusicas.org\/?p=13989"},"modified":"2022-11-30T14:43:54","modified_gmt":"2022-11-30T14:43:54","slug":"llega-un-adelanto-de-encuentro-amalia-gardel-el-trabajo-entre-artistas-argentinos-y-portugueses-que-entrecruza-los-mundos-de-amalia-rodriguez-y-carlos-gardel","status":"publish","type":"post","link":"https:\/\/www.ibermusicas.org\/index.php\/llega-un-adelanto-de-encuentro-amalia-gardel-el-trabajo-entre-artistas-argentinos-y-portugueses-que-entrecruza-los-mundos-de-amalia-rodriguez-y-carlos-gardel\/","title":{"rendered":"Llega un adelanto de \u201cEncuentro Amalia &#8211; Gardel\u201d, el trabajo entre artistas argentinos y portugueses que entrecruza los mundos de Amalia Rodr\u00edguez y Carlos Gardel"},"content":{"rendered":"<p>El Proyecto Encuentro Am\u00e1lia\/Gardel consiste en la grabaci\u00f3n de un disco musical en homenaje a estas figuras emblem\u00e1ticas del fado y el tango. El disco tendr\u00e1 como voz principal a Karina Beorlegui, que lleva 22 a\u00f1os cruzando los dos g\u00e9neros. La producci\u00f3n musical contar\u00e1 con la participaci\u00f3n de Nacho Cabello (Argentina) y Ricardo Martins (Portugal). Se grabar\u00e1 y contar\u00e1 con invitados fadistas y tangueros de ambos pa\u00edses.<\/p>\n<p>&nbsp;<\/p>\n<p>El tango y el fado fueron nombrados Patrimonio Cultural e Inmaterial de la Humanidad por la UNESCO. Ambos g\u00e9neros tienen mucho en com\u00fan desde su g\u00e9nesis relacionada con la cultura urbana de ambos puertos de Lisboa y Buenos Aires, Coimbra y Montevideo. Las influencias de las migraciones y los exilios, las tripulaciones y los marineros, los pescadores, los suburbios y la poes\u00eda bohemia los forjaron al mismo tiempo y, como un espejo, sobrevivieron incluso con el avance de todas las dem\u00e1s expresiones musicales, pasando incluso por momentos de cierto letargo, resurgiendo hace unos 20 a\u00f1os con nuevos exponentes e int\u00e9rpretes, compositores y poetas, surgiendo incluso en torno a ellos una industria cultural actual.<\/p>\n<p>&nbsp;<\/p>\n<p>Am\u00e1lia Rodrigues, se sabe que era admiradora de Carlos Gardel. Le gustaban sus tangos, como por ejemplo \u00abArrabal Amargo\u00bb y \u00abCuesta Abajo\u00bb y comenz\u00f3 su juventud cantando sus canciones entre fado y fado ante la admiraci\u00f3n de quienes la escuchaban. Gardel muri\u00f3 en un tr\u00e1gico accidente en Medell\u00edn en 1934 y Amalia, m\u00e1s joven, vivi\u00f3 hasta 1999 convirti\u00e9ndose en una figura de igual magnitud. Este disco trata de realizar un encuentro musical imaginario a trav\u00e9s de j\u00f3venes int\u00e9rpretes.<\/p>\n<p>&nbsp;<\/p>\n<p>Ya pueden escucharse dos de los temas del disco: \u00abCaprichosa\u00bb fado de Froilan Aguilar que cantaba Gardel, en esta versi\u00f3n con la participaci\u00f3n de Hern\u00e1n Cucuza Castiello y \u00abYira Yira\u00bb de E. S. Disc\u00e9polo.<\/p>\n<p>&nbsp;<\/p>\n<p><strong>\u00a0<\/strong><\/p>\n<p><a href=\"https:\/\/orcd.co\/xbxemgk\"><strong>https:\/\/orcd.co\/xbxemgk<\/strong><\/a><\/p>\n<p><strong>\u00a0<\/strong><\/p>\n","protected":false},"excerpt":{"rendered":"<p>El Proyecto Encuentro Am\u00e1lia\/Gardel consiste en la grabaci\u00f3n de un disco musical en homenaje a estas figuras emblem\u00e1ticas del fado y el tango. El disco tendr\u00e1 como voz principal a Karina Beorlegui, que lleva 22 a\u00f1os cruzando los dos g\u00e9neros. La producci\u00f3n musical contar\u00e1 con la participaci\u00f3n de Nacho Cabello (Argentina) y Ricardo Martins (Portugal). [&hellip;]<\/p>\n","protected":false},"author":1,"featured_media":13991,"comment_status":"closed","ping_status":"closed","sticky":false,"template":"","format":"standard","meta":{"_monsterinsights_skip_tracking":false,"_monsterinsights_sitenote_active":false,"_monsterinsights_sitenote_note":"","_monsterinsights_sitenote_category":0,"footnotes":""},"categories":[53],"tags":[],"class_list":["post-13989","post","type-post","status-publish","format-standard","has-post-thumbnail","hentry","category-noticias-generales"],"lang":"es","translations":{"es":13989,"pt":13993},"pll_sync_post":[],"post_mailing_queue_ids":[],"_links":{"self":[{"href":"https:\/\/www.ibermusicas.org\/index.php\/wp-json\/wp\/v2\/posts\/13989","targetHints":{"allow":["GET"]}}],"collection":[{"href":"https:\/\/www.ibermusicas.org\/index.php\/wp-json\/wp\/v2\/posts"}],"about":[{"href":"https:\/\/www.ibermusicas.org\/index.php\/wp-json\/wp\/v2\/types\/post"}],"author":[{"embeddable":true,"href":"https:\/\/www.ibermusicas.org\/index.php\/wp-json\/wp\/v2\/users\/1"}],"replies":[{"embeddable":true,"href":"https:\/\/www.ibermusicas.org\/index.php\/wp-json\/wp\/v2\/comments?post=13989"}],"version-history":[{"count":0,"href":"https:\/\/www.ibermusicas.org\/index.php\/wp-json\/wp\/v2\/posts\/13989\/revisions"}],"wp:featuredmedia":[{"embeddable":true,"href":"https:\/\/www.ibermusicas.org\/index.php\/wp-json\/wp\/v2\/media\/13991"}],"wp:attachment":[{"href":"https:\/\/www.ibermusicas.org\/index.php\/wp-json\/wp\/v2\/media?parent=13989"}],"wp:term":[{"taxonomy":"category","embeddable":true,"href":"https:\/\/www.ibermusicas.org\/index.php\/wp-json\/wp\/v2\/categories?post=13989"},{"taxonomy":"post_tag","embeddable":true,"href":"https:\/\/www.ibermusicas.org\/index.php\/wp-json\/wp\/v2\/tags?post=13989"}],"curies":[{"name":"wp","href":"https:\/\/api.w.org\/{rel}","templated":true}]}}