{"id":13993,"date":"2022-11-15T18:42:22","date_gmt":"2022-11-15T18:42:22","guid":{"rendered":"https:\/\/www.ibermusicas.org\/?p=13993"},"modified":"2022-11-30T14:47:33","modified_gmt":"2022-11-30T14:47:33","slug":"chega-uma-previa-do-encuentro-amalia-gardel-o-trabalho-entre-artistas-argentinos-e-portugueses-que-entrelaca-os-mundos-de-amalia-rodriguez-e-carlos-gardel","status":"publish","type":"post","link":"https:\/\/www.ibermusicas.org\/index.php\/chega-uma-previa-do-encuentro-amalia-gardel-o-trabalho-entre-artistas-argentinos-e-portugueses-que-entrelaca-os-mundos-de-amalia-rodriguez-e-carlos-gardel\/","title":{"rendered":"Chega uma pr\u00e9via do \u00abEncuentro Amalia &#8211; Gardel\u00bb, o trabalho entre artistas argentinos e portugueses que entrela\u00e7a os mundos de Amalia Rodr\u00edguez e Carlos Gardel"},"content":{"rendered":"<p>O Projecto Encontro Am\u00e1lia\/Gardel, consiste na grava\u00e7\u00e3o de um \u00e1lbum musical de homenagem a estas figuras emblemas do Fado e do Tango. O disco ter\u00e1 como voz principal Karina Beorlegui, que tem vindo a fazer desde h\u00e1 22 anos um cruzamento entre os dois g\u00e9neros. A produ\u00e7\u00e3o musical ser\u00e1 em co-participa\u00e7\u00e3o entre Nacho Cabello (Argentina) e Ricardo Martins (Portugal). Ser\u00e1 gravado e ter\u00e1 convidados fadistas e tangueiros dos dois pa\u00edses.<\/p>\n<p>&nbsp;<\/p>\n<p>O Tango e o Fado foram nomeados Patrim\u00f3nio Cultural e Imaterial da Humanidade pela UNESCO. Ambos os g\u00e9neros t\u00eam muito em comum desde a sua g\u00e9nese relacionado com a cultura urbana de ambos os portos de Lisboa e Buenos Aires, Coimbra e Montevideo. As influ\u00eancias de migra\u00e7\u00f5es e ex\u00edlios, tripulantes e marinheiros de passagem, pescadores, sub\u00farbios e bo\u00e9mia po\u00e9tica forjaram-nos at\u00e9 \u00e0 mesma \u00e9poca e como um espelho, sobreviveram mesmo com o avance de todas as outras express\u00f5es musicais, passando at\u00e9 por momentos de certa letargia, ressurgindo h\u00e1 cerca de 20 anos com novos expoentes e int\u00e9rpretes, compositores e poetas, surgindo at\u00e9 ao redor deles uma ind\u00fastria cultural at\u00e9 ao mundo de hoje.<\/p>\n<p>&nbsp;<\/p>\n<p>Am\u00e1lia Rodrigues, sabe-se que era admiradora de Carlos Gardel. Gostava dos seus tangos, como por exemplo \u201cArrabal Amargo\u201d e \u201cCuesta Abajo\u201d e come\u00e7ou a sua juventude cantando as suas can\u00e7\u00f5es entre fado e fado para admira\u00e7\u00e3o de quem a escutava. Gardel morreu num tr\u00e1gico acidente em Medell\u00edn em 1934 e Am\u00e1lia, mais jovem, viveu at\u00e9 ao ano de 1999 transformando-se numa figura de igual magnitude. Este disco tenta realizar um encontro musical imagin\u00e1rio atrav\u00e9s dos jovens int\u00e9rpretes.<\/p>\n<p>&nbsp;<\/p>\n<p>Duas das can\u00e7\u00f5es do \u00e1lbum j\u00e1 podem ser ouvidas: \u00abCaprichosa\u00bb fado de Froilan Aguilar,que fora cantado por Gardel, nesta vers\u00e3o com a participa\u00e7\u00e3o de Hern\u00e1n Cucuza Castiello e \u00abYira Yira\u00bb de E. S. Disc\u00e9polo.<\/p>\n<p>&nbsp;<\/p>\n<p><a href=\"https:\/\/orcd.co\/xbxemgk\">https:\/\/orcd.co\/xbxemgk<\/a><\/p>\n","protected":false},"excerpt":{"rendered":"<p>O Projecto Encontro Am\u00e1lia\/Gardel, consiste na grava\u00e7\u00e3o de um \u00e1lbum musical de homenagem a estas figuras emblemas do Fado e do Tango. O disco ter\u00e1 como voz principal Karina Beorlegui, que tem vindo a fazer desde h\u00e1 22 anos um cruzamento entre os dois g\u00e9neros. A produ\u00e7\u00e3o musical ser\u00e1 em co-participa\u00e7\u00e3o entre Nacho Cabello (Argentina) [&hellip;]<\/p>\n","protected":false},"author":1,"featured_media":13991,"comment_status":"closed","ping_status":"closed","sticky":false,"template":"","format":"standard","meta":{"_monsterinsights_skip_tracking":false,"_monsterinsights_sitenote_active":false,"_monsterinsights_sitenote_note":"","_monsterinsights_sitenote_category":0,"footnotes":""},"categories":[218],"tags":[],"class_list":["post-13993","post","type-post","status-publish","format-standard","has-post-thumbnail","hentry","category-noticias-generales-pt"],"lang":"pt","translations":{"pt":13993,"es":13989},"pll_sync_post":[],"post_mailing_queue_ids":[],"_links":{"self":[{"href":"https:\/\/www.ibermusicas.org\/index.php\/wp-json\/wp\/v2\/posts\/13993","targetHints":{"allow":["GET"]}}],"collection":[{"href":"https:\/\/www.ibermusicas.org\/index.php\/wp-json\/wp\/v2\/posts"}],"about":[{"href":"https:\/\/www.ibermusicas.org\/index.php\/wp-json\/wp\/v2\/types\/post"}],"author":[{"embeddable":true,"href":"https:\/\/www.ibermusicas.org\/index.php\/wp-json\/wp\/v2\/users\/1"}],"replies":[{"embeddable":true,"href":"https:\/\/www.ibermusicas.org\/index.php\/wp-json\/wp\/v2\/comments?post=13993"}],"version-history":[{"count":0,"href":"https:\/\/www.ibermusicas.org\/index.php\/wp-json\/wp\/v2\/posts\/13993\/revisions"}],"wp:featuredmedia":[{"embeddable":true,"href":"https:\/\/www.ibermusicas.org\/index.php\/wp-json\/wp\/v2\/media\/13991"}],"wp:attachment":[{"href":"https:\/\/www.ibermusicas.org\/index.php\/wp-json\/wp\/v2\/media?parent=13993"}],"wp:term":[{"taxonomy":"category","embeddable":true,"href":"https:\/\/www.ibermusicas.org\/index.php\/wp-json\/wp\/v2\/categories?post=13993"},{"taxonomy":"post_tag","embeddable":true,"href":"https:\/\/www.ibermusicas.org\/index.php\/wp-json\/wp\/v2\/tags?post=13993"}],"curies":[{"name":"wp","href":"https:\/\/api.w.org\/{rel}","templated":true}]}}