{"id":14189,"date":"2022-11-30T15:42:06","date_gmt":"2022-11-30T15:42:06","guid":{"rendered":"https:\/\/www.ibermusicas.org\/?p=14189"},"modified":"2022-12-29T19:40:27","modified_gmt":"2022-12-29T19:40:27","slug":"os-violoncelistas-ivan-tovar-colombia-e-rafael-delgado-argentina-apresentam-seu-livro-estudos-para-violoncelo-sobre-musica-sul-americana","status":"publish","type":"post","link":"https:\/\/www.ibermusicas.org\/index.php\/os-violoncelistas-ivan-tovar-colombia-e-rafael-delgado-argentina-apresentam-seu-livro-estudos-para-violoncelo-sobre-musica-sul-americana\/","title":{"rendered":"Os violoncelistas Iv\u00e1n Tovar (Col\u00f4mbia) e Rafael Delgado (Argentina) apresentam seu livro Estudos para violoncelo sobre m\u00fasica sul-americana)"},"content":{"rendered":"<p>No \u00e2mbito do \u00abSegundo Festival Puntal, el violoncello en las m\u00fasicas populares\u00bb, este valioso material ser\u00e1 apresentado tanto pessoalmente como online.<\/p>\n<p>&nbsp;<\/p>\n<p>Tocar m\u00fasica popular requer conhecimento estil\u00edstico do g\u00eanero em quest\u00e3o, seus padr\u00f5es r\u00edtmicos, mel\u00f3dicos e de acompanhamento, as escalas e curvas mel\u00f3dicas que a caracterizam, assim como suas sonoridades t\u00edpicas, articula\u00e7\u00f5es e estruturas formais. Este livro e este festival respondem \u00e0 necessidade de explorar recursos, habilidades e conhecimentos que normalmente n\u00e3o fazem parte de programas de treinamento institucional, como a transcri\u00e7\u00e3o de melodias em tempo real, tocar de ouvido ou improvisar usando a cifra americana.<\/p>\n<p>&nbsp;<\/p>\n<p>Estudos para violoncelo sobre m\u00fasica sul-americana \u00e9 um comp\u00eandio de doze obras ou estudos t\u00e9cnicos e estil\u00edsticos (n\u00edvel intermedi\u00e1rio e avan\u00e7ado) para violoncelo, contendo desenvolvimentos r\u00edtmico-mel\u00f3dicos, desafios t\u00e9cnico-musicais e um conjunto de \u00abefeitos\u00bb (percuss\u00e3o e arco), que s\u00e3o feitos a partir da trajet\u00f3ria musical e pedag\u00f3gica dos autores deste livro. As exig\u00eancias estil\u00edsticas, pr\u00f3prias de cada obra, s\u00e3o apresentadas com base nos ritmos escolhidos por cada compositor e que s\u00e3o caracter\u00edsticos da Argentina (Chacarera e Zamba), Chile (Cueca e Aire Mapuche), Col\u00f4mbia (Porro, Torbellino e Bambuco sure\u00f1o), Peru (Huayno e Land\u00f3), Uruguai (Candombe e Milonga Campera &#8211; Marcha Cami\u00f3n), Col\u00f4mbia e Venezuela (Gab\u00e1n &#8211; golpe de Joropo). Cada estudo \u00e9 acompanhado por um texto explicativo que orienta o leitor na compreens\u00e3o e interpreta\u00e7\u00e3o das obras. Este material did\u00e1tico pretende ser uma contribui\u00e7\u00e3o cultural que destaque a diversidade musical da Am\u00e9rica do Sul e que incentive a investiga\u00e7\u00e3o dos recursos t\u00e9cnicos e musicais do violoncelo dentro destas m\u00fasicas populares, gerando uma integra\u00e7\u00e3o entre os violoncelistas e o ambiente de sua linguagem tradicional para ressignificar o ensino-aprendizagem do repert\u00f3rio acad\u00eamico sul-americano.<\/p>\n<p>&nbsp;<\/p>\n<p>Com a inten\u00e7\u00e3o de mostrar a diversidade das express\u00f5es musicais abordadas pelos violoncelistas que executam estas m\u00fasicas, o festival contar\u00e1 com a participa\u00e7\u00e3o de violoncelistas de renome e emergentes: Leila Cherro (Chubut), Mauro Sarachi\u00e1n (BA), Jessica Estigarribia (Paraguai), Bruno D&#8217;Ambrosio (BA), Kike Catena (Santa F\u00e9), Sergio Eriel Pagano (BA), o grupo Cellofilia (Venezuela-Argentina). Finalmente, o festival ser\u00e1 encerrado pela orquestra de violoncelos do festival, dirigida por Diego Penelas e Flavia Guzm\u00e1n.<\/p>\n<p>&nbsp;<\/p>\n<p>&nbsp;<\/p>\n<p>Quinta-feira, 1\u00ba de dezembro, 14h (Col\u00f4mbia), 16h (Argentina) no Conservat\u00f3rio Manuel de Falla, Gallo 238, Cidade de Buenos Aires, Argentina<\/p>\n<p><a href=\"https:\/\/www.facebook.com\/festivalpuntal\">https:\/\/www.facebook.com\/festivalpuntal<\/a><\/p>\n<p><a href=\"https:\/\/www.instagram.com\/festivalpuntal\">https:\/\/www.instagram.com\/festivalpuntal<\/a><\/p>\n<p><a href=\"https:\/\/www.youtube.com\/channel\/UCgJMUgJSwm2aUiyqUhyHkrw\">https:\/\/www.youtube.com\/channel\/UCgJMUgJSwm2aUiyqUhyHkrw<\/a><\/p>\n","protected":false},"excerpt":{"rendered":"<p>No \u00e2mbito do \u00abSegundo Festival Puntal, el violoncello en las m\u00fasicas populares\u00bb, este valioso material ser\u00e1 apresentado tanto pessoalmente como online. &nbsp; Tocar m\u00fasica popular requer conhecimento estil\u00edstico do g\u00eanero em quest\u00e3o, seus padr\u00f5es r\u00edtmicos, mel\u00f3dicos e de acompanhamento, as escalas e curvas mel\u00f3dicas que a caracterizam, assim como suas sonoridades t\u00edpicas, articula\u00e7\u00f5es e estruturas [&hellip;]<\/p>\n","protected":false},"author":1,"featured_media":14187,"comment_status":"closed","ping_status":"closed","sticky":false,"template":"","format":"standard","meta":{"_monsterinsights_skip_tracking":false,"_monsterinsights_sitenote_active":false,"_monsterinsights_sitenote_note":"","_monsterinsights_sitenote_category":0,"footnotes":""},"categories":[218],"tags":[],"class_list":["post-14189","post","type-post","status-publish","format-standard","has-post-thumbnail","hentry","category-noticias-generales-pt"],"lang":"pt","translations":{"pt":14189,"es":14186},"pll_sync_post":[],"post_mailing_queue_ids":[],"_links":{"self":[{"href":"https:\/\/www.ibermusicas.org\/index.php\/wp-json\/wp\/v2\/posts\/14189","targetHints":{"allow":["GET"]}}],"collection":[{"href":"https:\/\/www.ibermusicas.org\/index.php\/wp-json\/wp\/v2\/posts"}],"about":[{"href":"https:\/\/www.ibermusicas.org\/index.php\/wp-json\/wp\/v2\/types\/post"}],"author":[{"embeddable":true,"href":"https:\/\/www.ibermusicas.org\/index.php\/wp-json\/wp\/v2\/users\/1"}],"replies":[{"embeddable":true,"href":"https:\/\/www.ibermusicas.org\/index.php\/wp-json\/wp\/v2\/comments?post=14189"}],"version-history":[{"count":0,"href":"https:\/\/www.ibermusicas.org\/index.php\/wp-json\/wp\/v2\/posts\/14189\/revisions"}],"wp:featuredmedia":[{"embeddable":true,"href":"https:\/\/www.ibermusicas.org\/index.php\/wp-json\/wp\/v2\/media\/14187"}],"wp:attachment":[{"href":"https:\/\/www.ibermusicas.org\/index.php\/wp-json\/wp\/v2\/media?parent=14189"}],"wp:term":[{"taxonomy":"category","embeddable":true,"href":"https:\/\/www.ibermusicas.org\/index.php\/wp-json\/wp\/v2\/categories?post=14189"},{"taxonomy":"post_tag","embeddable":true,"href":"https:\/\/www.ibermusicas.org\/index.php\/wp-json\/wp\/v2\/tags?post=14189"}],"curies":[{"name":"wp","href":"https:\/\/api.w.org\/{rel}","templated":true}]}}