{"id":14204,"date":"2022-12-01T12:51:53","date_gmt":"2022-12-01T12:51:53","guid":{"rendered":"https:\/\/www.ibermusicas.org\/?p=14204"},"modified":"2022-12-01T12:51:53","modified_gmt":"2022-12-01T12:51:53","slug":"la-artista-argentina-paula-maffia-se-presentara-en-montevideo-uruguay","status":"publish","type":"post","link":"https:\/\/www.ibermusicas.org\/index.php\/la-artista-argentina-paula-maffia-se-presentara-en-montevideo-uruguay\/","title":{"rendered":"La artista argentina Paula Maff\u00eda se presentar\u00e1 en Montevideo, Uruguay"},"content":{"rendered":"<p>Paula Maff\u00eda desembarca en Montevideo con un concierto \u00edntimo, donde recorrer\u00e1 sus m\u00e1s de 20 a\u00f1os de carrera en canciones. Este primer concierto en Montevideo forma parte de un proyecto de ampliar las fronteras musicales y culturales, a trav\u00e9s del intercambio de m\u00fasicas, letras y poes\u00edas. Los encuentros con artistas del Uruguay ser\u00e1n registrados para crear luego piezas de difusi\u00f3n que visibilicen la colaboraci\u00f3n y producciones conjuntas.<\/p>\n<p>&nbsp;<\/p>\n<p>Paula es compositora, int\u00e9rprete, cantante, poetisa, artista visual, docente e investigadora. Es miembro fundador de la petit orquesta de rock LA COSA MOSTRA y del ensamble de se\u00f1oritas LAS TARADAS. Ha girado por numerosas ciudades de Sudam\u00e9rica y por muchas de Europa. Tambi\u00e9n ha colaborado en canciones de decenas de artistas de su pa\u00eds. El 21 de noviembre de 2019 se present\u00f3 en el Luna Park abriendo el show de Patti Smith.\u00a0 En Abril de 2021 lanz\u00f3 su primer libro Verso a trav\u00e9s de editorial Planeta, \u00f3pera prima que re\u00fane poemas e ilustraciones.<\/p>\n<p>&nbsp;<\/p>\n<p>3 de diciembre, 20 hs. El Hormiguero, San Salvador 1644, Montevideo, Uruguay<\/p>\n<p>&nbsp;<\/p>\n","protected":false},"excerpt":{"rendered":"<p>Paula Maff\u00eda desembarca en Montevideo con un concierto \u00edntimo, donde recorrer\u00e1 sus m\u00e1s de 20 a\u00f1os de carrera en canciones. Este primer concierto en Montevideo forma parte de un proyecto de ampliar las fronteras musicales y culturales, a trav\u00e9s del intercambio de m\u00fasicas, letras y poes\u00edas. Los encuentros con artistas del Uruguay ser\u00e1n registrados para [&hellip;]<\/p>\n","protected":false},"author":1,"featured_media":14205,"comment_status":"closed","ping_status":"closed","sticky":false,"template":"","format":"standard","meta":{"_monsterinsights_skip_tracking":false,"_monsterinsights_sitenote_active":false,"_monsterinsights_sitenote_note":"","_monsterinsights_sitenote_category":0,"footnotes":""},"categories":[53],"tags":[],"class_list":["post-14204","post","type-post","status-publish","format-standard","has-post-thumbnail","hentry","category-noticias-generales"],"lang":"es","translations":{"es":14204,"pt":14207},"pll_sync_post":[],"post_mailing_queue_ids":[],"_links":{"self":[{"href":"https:\/\/www.ibermusicas.org\/index.php\/wp-json\/wp\/v2\/posts\/14204","targetHints":{"allow":["GET"]}}],"collection":[{"href":"https:\/\/www.ibermusicas.org\/index.php\/wp-json\/wp\/v2\/posts"}],"about":[{"href":"https:\/\/www.ibermusicas.org\/index.php\/wp-json\/wp\/v2\/types\/post"}],"author":[{"embeddable":true,"href":"https:\/\/www.ibermusicas.org\/index.php\/wp-json\/wp\/v2\/users\/1"}],"replies":[{"embeddable":true,"href":"https:\/\/www.ibermusicas.org\/index.php\/wp-json\/wp\/v2\/comments?post=14204"}],"version-history":[{"count":0,"href":"https:\/\/www.ibermusicas.org\/index.php\/wp-json\/wp\/v2\/posts\/14204\/revisions"}],"wp:featuredmedia":[{"embeddable":true,"href":"https:\/\/www.ibermusicas.org\/index.php\/wp-json\/wp\/v2\/media\/14205"}],"wp:attachment":[{"href":"https:\/\/www.ibermusicas.org\/index.php\/wp-json\/wp\/v2\/media?parent=14204"}],"wp:term":[{"taxonomy":"category","embeddable":true,"href":"https:\/\/www.ibermusicas.org\/index.php\/wp-json\/wp\/v2\/categories?post=14204"},{"taxonomy":"post_tag","embeddable":true,"href":"https:\/\/www.ibermusicas.org\/index.php\/wp-json\/wp\/v2\/tags?post=14204"}],"curies":[{"name":"wp","href":"https:\/\/api.w.org\/{rel}","templated":true}]}}