{"id":14230,"date":"2022-12-01T13:18:57","date_gmt":"2022-12-01T13:18:57","guid":{"rendered":"https:\/\/www.ibermusicas.org\/?p=14230"},"modified":"2022-12-29T19:28:59","modified_gmt":"2022-12-29T19:28:59","slug":"la-trovadora-argentina-paula-ferre-realiza-una-gira-por-cuba-y-panama","status":"publish","type":"post","link":"https:\/\/www.ibermusicas.org\/index.php\/la-trovadora-argentina-paula-ferre-realiza-una-gira-por-cuba-y-panama\/","title":{"rendered":"La trovadora argentina Paula Ferr\u00e9 realiza una gira por Cuba y Panam\u00e1"},"content":{"rendered":"<p>Trovadora de Buenos Aires y gestora de proyectos colectivos. Ha representado a la Argentina en Ecuador, Per\u00fa, Costa Rica, Cuba, Brasil, Chile y Espa\u00f1a. A la vez ha recorrido gran parte de su pa\u00eds con su canci\u00f3n social. Es una de las fundadoras de Mujertrova en 2013, que hoy re\u00fane a m\u00e1s de 70 trovadoras de toda Latinoam\u00e9rica.<\/p>\n<p>Sus discos editados son: \u201cPor Buenos Aires\u201d, \u201cUna guitarra, un sue\u00f1o y una voz\u201d, \u201cMujer Originaria\u201d, con este \u00faltimo recibi\u00f3 el premio Canci\u00f3n Imprescindible en Ecuador en 2012 y fue declarado de Inter\u00e9s Cultural por la Honorable C\u00e1mara de Diputados de la Naci\u00f3n en 2015. En 2019 edit\u00f3 \u201cUmbilical\u201d, junto a su madre y su hija.<\/p>\n<p>Lleva 30 a\u00f1os junto a la Trova cantando con destacados trovadores latinoamericanos, como Silvio Rodr\u00edguez, Vicente y Santiago Feli\u00fa, Le\u00f3n Gieco, V\u00edctor Heredia, Cecilia Todd, Teresa Parodi, Horacio Fontova, Ignacio Copani, entre otros.<\/p>\n<p>Fue una de las organizadoras de CANTO DE TODOS 2015 en el Teatro Cervantes con m\u00fasicos de toda Latinoam\u00e9rica. Paula Ferr\u00e9 es la Directora de la Casa Museo de la Trova Argentina. Form\u00f3 parte del disco homenaje a Violeta Parra \u201cDespu\u00e9s de vivir un siglo\u201d. En el 2019 grab\u00f3 junto a Silvio Rodr\u00edguez su canci\u00f3n Mujer Originaria, para un video realizado por el documentalista Mart\u00edn Adorno.<\/p>\n<p>Actualmente trabaja sobre dos discos \u201cPalomas del Bien, Paula Ferr\u00e9 canta a Humberto Del Monte Mar\u201d y \u201cTrovablues\u201d.<\/p>\n","protected":false},"excerpt":{"rendered":"<p>Trovadora de Buenos Aires y gestora de proyectos colectivos. Ha representado a la Argentina en Ecuador, Per\u00fa, Costa Rica, Cuba, Brasil, Chile y Espa\u00f1a. A la vez ha recorrido gran parte de su pa\u00eds con su canci\u00f3n social. Es una de las fundadoras de Mujertrova en 2013, que hoy re\u00fane a m\u00e1s de 70 trovadoras [&hellip;]<\/p>\n","protected":false},"author":1,"featured_media":14232,"comment_status":"closed","ping_status":"closed","sticky":false,"template":"","format":"standard","meta":{"_monsterinsights_skip_tracking":false,"_monsterinsights_sitenote_active":false,"_monsterinsights_sitenote_note":"","_monsterinsights_sitenote_category":0,"footnotes":""},"categories":[53],"tags":[],"class_list":["post-14230","post","type-post","status-publish","format-standard","has-post-thumbnail","hentry","category-noticias-generales"],"lang":"es","translations":{"es":14230,"pt":14235},"pll_sync_post":[],"post_mailing_queue_ids":[],"_links":{"self":[{"href":"https:\/\/www.ibermusicas.org\/index.php\/wp-json\/wp\/v2\/posts\/14230","targetHints":{"allow":["GET"]}}],"collection":[{"href":"https:\/\/www.ibermusicas.org\/index.php\/wp-json\/wp\/v2\/posts"}],"about":[{"href":"https:\/\/www.ibermusicas.org\/index.php\/wp-json\/wp\/v2\/types\/post"}],"author":[{"embeddable":true,"href":"https:\/\/www.ibermusicas.org\/index.php\/wp-json\/wp\/v2\/users\/1"}],"replies":[{"embeddable":true,"href":"https:\/\/www.ibermusicas.org\/index.php\/wp-json\/wp\/v2\/comments?post=14230"}],"version-history":[{"count":0,"href":"https:\/\/www.ibermusicas.org\/index.php\/wp-json\/wp\/v2\/posts\/14230\/revisions"}],"wp:featuredmedia":[{"embeddable":true,"href":"https:\/\/www.ibermusicas.org\/index.php\/wp-json\/wp\/v2\/media\/14232"}],"wp:attachment":[{"href":"https:\/\/www.ibermusicas.org\/index.php\/wp-json\/wp\/v2\/media?parent=14230"}],"wp:term":[{"taxonomy":"category","embeddable":true,"href":"https:\/\/www.ibermusicas.org\/index.php\/wp-json\/wp\/v2\/categories?post=14230"},{"taxonomy":"post_tag","embeddable":true,"href":"https:\/\/www.ibermusicas.org\/index.php\/wp-json\/wp\/v2\/tags?post=14230"}],"curies":[{"name":"wp","href":"https:\/\/api.w.org\/{rel}","templated":true}]}}