{"id":14238,"date":"2022-12-01T13:23:22","date_gmt":"2022-12-01T13:23:22","guid":{"rendered":"https:\/\/www.ibermusicas.org\/?p=14238"},"modified":"2022-12-29T19:28:53","modified_gmt":"2022-12-29T19:28:53","slug":"llega-el-resultado-de-fadombe-el-experimento-de-fusion-musical-entre-bruno-teixeira-de-portugal-y-tatita-marquez-de-uruguay","status":"publish","type":"post","link":"https:\/\/www.ibermusicas.org\/index.php\/llega-el-resultado-de-fadombe-el-experimento-de-fusion-musical-entre-bruno-teixeira-de-portugal-y-tatita-marquez-de-uruguay\/","title":{"rendered":"Llega el resultado de Fadombe, el experimento de fusi\u00f3n musical entre Bruno Teixeira de Portugal y Tatita M\u00e1rquez de Uruguay"},"content":{"rendered":"<p>Fadombe es el nuevo proyecto de colaboraci\u00f3n y de creaci\u00f3n remota entre Bruno Teixeira y Daniel \u00abTatita\u00bb M\u00e1rquez en el que los artistas buscan explorar las posibilidades musicales creativas en torno al di\u00e1logo entre los ritmos populares del fado portugu\u00e9s y el candombe uruguayo. El proyecto pretende profundizar en la relaci\u00f3n entre la creaci\u00f3n en forma remota como una posibilidad y no como un impedimento, utilizando las pr\u00e1cticas a distancia y la tecnolog\u00eda digital para generar sinergias creativas e innovadoras para la colaboraci\u00f3n art\u00edstica.<\/p>\n<p>&nbsp;<\/p>\n<p>Se trata de un proyecto que promueve la fusi\u00f3n musical con especial \u00e9nfasis en el desarrollo del fado y el candombe, que son los ritmos nacionales m\u00e1s destacados en Portugal y Uruguay. Los artistas buscan generar una vanguardia en t\u00e9rminos de creaci\u00f3n musical en la b\u00fasqueda constante de la reinvenci\u00f3n musical popular y acad\u00e9mica para que los nuevos p\u00fablicos se apropien de ella, recordando sus or\u00edgenes, pero haciendo especial hincapi\u00e9 en su capacidad de reinvenci\u00f3n y adaptabilidad a los nuevos tiempos. Siempre en busca de un lenguaje creativo siendo un proyecto de expansi\u00f3n e integraci\u00f3n musical.<\/p>\n<p><strong>\u00a0<\/strong><\/p>\n<p><strong>\u00a0<\/strong><\/p>\n<p><a href=\"https:\/\/www.instagram.com\/bruno.pazpazes\/\">https:\/\/www.instagram.com\/bruno.pazpazes\/<\/a><\/p>\n<p><a href=\"https:\/\/www.pazpazes.com\/bruno-teixeira\">https:\/\/www.pazpazes.com\/bruno-teixeira<\/a><\/p>\n<p><a href=\"https:\/\/marcapaisuruguay.gub.uy\/embajador\/daniel-marquez\/\">https:\/\/marcapaisuruguay.gub.uy\/embajador\/daniel-marquez\/<\/a><\/p>\n<p><a href=\"https:\/\/www.instagram.com\/danieltatitamarquez\/\">https:\/\/www.instagram.com\/danieltatitamarquez\/<\/a><\/p>\n<p><a href=\"https:\/\/www.youtube.com\/user\/Tatitamusic\">https:\/\/www.youtube.com\/user\/Tatitamusic<\/a><\/p>\n","protected":false},"excerpt":{"rendered":"<p>Fadombe es el nuevo proyecto de colaboraci\u00f3n y de creaci\u00f3n remota entre Bruno Teixeira y Daniel \u00abTatita\u00bb M\u00e1rquez en el que los artistas buscan explorar las posibilidades musicales creativas en torno al di\u00e1logo entre los ritmos populares del fado portugu\u00e9s y el candombe uruguayo. El proyecto pretende profundizar en la relaci\u00f3n entre la creaci\u00f3n en [&hellip;]<\/p>\n","protected":false},"author":1,"featured_media":14240,"comment_status":"closed","ping_status":"closed","sticky":false,"template":"","format":"standard","meta":{"_monsterinsights_skip_tracking":false,"_monsterinsights_sitenote_active":false,"_monsterinsights_sitenote_note":"","_monsterinsights_sitenote_category":0,"footnotes":""},"categories":[53],"tags":[],"class_list":["post-14238","post","type-post","status-publish","format-standard","has-post-thumbnail","hentry","category-noticias-generales"],"lang":"es","translations":{"es":14238,"pt":14242},"pll_sync_post":[],"post_mailing_queue_ids":[],"_links":{"self":[{"href":"https:\/\/www.ibermusicas.org\/index.php\/wp-json\/wp\/v2\/posts\/14238","targetHints":{"allow":["GET"]}}],"collection":[{"href":"https:\/\/www.ibermusicas.org\/index.php\/wp-json\/wp\/v2\/posts"}],"about":[{"href":"https:\/\/www.ibermusicas.org\/index.php\/wp-json\/wp\/v2\/types\/post"}],"author":[{"embeddable":true,"href":"https:\/\/www.ibermusicas.org\/index.php\/wp-json\/wp\/v2\/users\/1"}],"replies":[{"embeddable":true,"href":"https:\/\/www.ibermusicas.org\/index.php\/wp-json\/wp\/v2\/comments?post=14238"}],"version-history":[{"count":0,"href":"https:\/\/www.ibermusicas.org\/index.php\/wp-json\/wp\/v2\/posts\/14238\/revisions"}],"wp:featuredmedia":[{"embeddable":true,"href":"https:\/\/www.ibermusicas.org\/index.php\/wp-json\/wp\/v2\/media\/14240"}],"wp:attachment":[{"href":"https:\/\/www.ibermusicas.org\/index.php\/wp-json\/wp\/v2\/media?parent=14238"}],"wp:term":[{"taxonomy":"category","embeddable":true,"href":"https:\/\/www.ibermusicas.org\/index.php\/wp-json\/wp\/v2\/categories?post=14238"},{"taxonomy":"post_tag","embeddable":true,"href":"https:\/\/www.ibermusicas.org\/index.php\/wp-json\/wp\/v2\/tags?post=14238"}],"curies":[{"name":"wp","href":"https:\/\/api.w.org\/{rel}","templated":true}]}}