{"id":14257,"date":"2022-12-01T13:42:40","date_gmt":"2022-12-01T13:42:40","guid":{"rendered":"https:\/\/www.ibermusicas.org\/?p=14257"},"modified":"2022-12-01T13:42:40","modified_gmt":"2022-12-01T13:42:40","slug":"a-artista-paraguaya-natalia-mendoza-apresenta-seu-trabalho-nat","status":"publish","type":"post","link":"https:\/\/www.ibermusicas.org\/index.php\/a-artista-paraguaya-natalia-mendoza-apresenta-seu-trabalho-nat\/","title":{"rendered":"A artista paraguaya Natalia Mendoza apresenta seu trabalho NAT"},"content":{"rendered":"<p>NAT \u00e9 uma viagem pelos sons da Latinoam\u00e9rica, de onde emergem dois singles lan\u00e7ados anteriormente \u00abM\u00e1gica ku\u00f1a\u00bb e \u00abVen\u00ed\u00bb, can\u00e7\u00f5es de raiz em polca 6&#215;8, at\u00e9 uma bachata e uma cumbia, um \u00e1lbum que convida a cantar as suas m\u00e1goas e dan\u00e7ar com as alegrias, deixar-se levar pela magia da m\u00fasica e do amor, com um toque de bilinguismo hispano-guarani sempre presente nas letras desta cantora e compositora. O \u00e1lbum tem a capacidade de envolver com diferentes sabores, desde os intimistas e m\u00e1gicos aos mais expressivos, trazendo o instinto latino de \u201cdan\u00e7ar at\u00e9 doer os p\u00e9s\u201d expresso por uma das can\u00e7\u00f5es do \u00e1lbum.<\/p>\n<p>&nbsp;<\/p>\n<p>&nbsp;<\/p>\n<p>Dispon\u00edvel em todas as plataformas a partir de 9 de dezembro<\/p>\n","protected":false},"excerpt":{"rendered":"<p>NAT \u00e9 uma viagem pelos sons da Latinoam\u00e9rica, de onde emergem dois singles lan\u00e7ados anteriormente \u00abM\u00e1gica ku\u00f1a\u00bb e \u00abVen\u00ed\u00bb, can\u00e7\u00f5es de raiz em polca 6&#215;8, at\u00e9 uma bachata e uma cumbia, um \u00e1lbum que convida a cantar as suas m\u00e1goas e dan\u00e7ar com as alegrias, deixar-se levar pela magia da m\u00fasica e do amor, com [&hellip;]<\/p>\n","protected":false},"author":1,"featured_media":14254,"comment_status":"closed","ping_status":"closed","sticky":false,"template":"","format":"standard","meta":{"_monsterinsights_skip_tracking":false,"_monsterinsights_sitenote_active":false,"_monsterinsights_sitenote_note":"","_monsterinsights_sitenote_category":0,"footnotes":""},"categories":[218],"tags":[],"class_list":["post-14257","post","type-post","status-publish","format-standard","has-post-thumbnail","hentry","category-noticias-generales-pt"],"lang":"pt","translations":{"pt":14257,"es":14253},"pll_sync_post":[],"post_mailing_queue_ids":[],"_links":{"self":[{"href":"https:\/\/www.ibermusicas.org\/index.php\/wp-json\/wp\/v2\/posts\/14257","targetHints":{"allow":["GET"]}}],"collection":[{"href":"https:\/\/www.ibermusicas.org\/index.php\/wp-json\/wp\/v2\/posts"}],"about":[{"href":"https:\/\/www.ibermusicas.org\/index.php\/wp-json\/wp\/v2\/types\/post"}],"author":[{"embeddable":true,"href":"https:\/\/www.ibermusicas.org\/index.php\/wp-json\/wp\/v2\/users\/1"}],"replies":[{"embeddable":true,"href":"https:\/\/www.ibermusicas.org\/index.php\/wp-json\/wp\/v2\/comments?post=14257"}],"version-history":[{"count":0,"href":"https:\/\/www.ibermusicas.org\/index.php\/wp-json\/wp\/v2\/posts\/14257\/revisions"}],"wp:featuredmedia":[{"embeddable":true,"href":"https:\/\/www.ibermusicas.org\/index.php\/wp-json\/wp\/v2\/media\/14254"}],"wp:attachment":[{"href":"https:\/\/www.ibermusicas.org\/index.php\/wp-json\/wp\/v2\/media?parent=14257"}],"wp:term":[{"taxonomy":"category","embeddable":true,"href":"https:\/\/www.ibermusicas.org\/index.php\/wp-json\/wp\/v2\/categories?post=14257"},{"taxonomy":"post_tag","embeddable":true,"href":"https:\/\/www.ibermusicas.org\/index.php\/wp-json\/wp\/v2\/tags?post=14257"}],"curies":[{"name":"wp","href":"https:\/\/api.w.org\/{rel}","templated":true}]}}