{"id":14263,"date":"2022-12-01T13:47:32","date_gmt":"2022-12-01T13:47:32","guid":{"rendered":"https:\/\/www.ibermusicas.org\/?p=14263"},"modified":"2022-12-29T19:39:27","modified_gmt":"2022-12-29T19:39:27","slug":"o-trio-dimelo-da-brasileira-aline-goncalves-u-peruano-sergio-valdeos-y-o-chileno-luis-barrueto-apresentam-seu-novo-trabalho","status":"publish","type":"post","link":"https:\/\/www.ibermusicas.org\/index.php\/o-trio-dimelo-da-brasileira-aline-goncalves-u-peruano-sergio-valdeos-y-o-chileno-luis-barrueto-apresentam-seu-novo-trabalho\/","title":{"rendered":"O trio D\u00edmelo da brasileira Aline Gon\u00e7alves, u peruano Sergio Valdeos y o chileno Luis Barrueto apresentam seu novo trabalho"},"content":{"rendered":"<p>O trio D\u00edmelo, formado por uma soprista brasileira, um violonista peruano e um percussionista chileno, gravou um disco cujo repert\u00f3rio foi pensado como um passeio pela Am\u00e9rica Latina. No \u00e1lbum h\u00e1 g\u00eaneros musicais de 6 pa\u00edses latino-americanos que tomam corpo e dialogam atrav\u00e9s da sonoridade do trio e da paix\u00e3o que seus integrantes nutrem pela m\u00fasica de seu continente.<\/p>\n<p>&nbsp;<\/p>\n<p>Lan\u00e7amento do disco nas plataformas : 9 de dezembro<\/p>\n","protected":false},"excerpt":{"rendered":"<p>O trio D\u00edmelo, formado por uma soprista brasileira, um violonista peruano e um percussionista chileno, gravou um disco cujo repert\u00f3rio foi pensado como um passeio pela Am\u00e9rica Latina. No \u00e1lbum h\u00e1 g\u00eaneros musicais de 6 pa\u00edses latino-americanos que tomam corpo e dialogam atrav\u00e9s da sonoridade do trio e da paix\u00e3o que seus integrantes nutrem pela [&hellip;]<\/p>\n","protected":false},"author":1,"featured_media":14260,"comment_status":"closed","ping_status":"closed","sticky":false,"template":"","format":"standard","meta":{"_monsterinsights_skip_tracking":false,"_monsterinsights_sitenote_active":false,"_monsterinsights_sitenote_note":"","_monsterinsights_sitenote_category":0,"footnotes":""},"categories":[218],"tags":[],"class_list":["post-14263","post","type-post","status-publish","format-standard","has-post-thumbnail","hentry","category-noticias-generales-pt"],"lang":"pt","translations":{"pt":14263,"es":14259},"pll_sync_post":[],"post_mailing_queue_ids":[],"_links":{"self":[{"href":"https:\/\/www.ibermusicas.org\/index.php\/wp-json\/wp\/v2\/posts\/14263","targetHints":{"allow":["GET"]}}],"collection":[{"href":"https:\/\/www.ibermusicas.org\/index.php\/wp-json\/wp\/v2\/posts"}],"about":[{"href":"https:\/\/www.ibermusicas.org\/index.php\/wp-json\/wp\/v2\/types\/post"}],"author":[{"embeddable":true,"href":"https:\/\/www.ibermusicas.org\/index.php\/wp-json\/wp\/v2\/users\/1"}],"replies":[{"embeddable":true,"href":"https:\/\/www.ibermusicas.org\/index.php\/wp-json\/wp\/v2\/comments?post=14263"}],"version-history":[{"count":0,"href":"https:\/\/www.ibermusicas.org\/index.php\/wp-json\/wp\/v2\/posts\/14263\/revisions"}],"wp:featuredmedia":[{"embeddable":true,"href":"https:\/\/www.ibermusicas.org\/index.php\/wp-json\/wp\/v2\/media\/14260"}],"wp:attachment":[{"href":"https:\/\/www.ibermusicas.org\/index.php\/wp-json\/wp\/v2\/media?parent=14263"}],"wp:term":[{"taxonomy":"category","embeddable":true,"href":"https:\/\/www.ibermusicas.org\/index.php\/wp-json\/wp\/v2\/categories?post=14263"},{"taxonomy":"post_tag","embeddable":true,"href":"https:\/\/www.ibermusicas.org\/index.php\/wp-json\/wp\/v2\/tags?post=14263"}],"curies":[{"name":"wp","href":"https:\/\/api.w.org\/{rel}","templated":true}]}}