{"id":14271,"date":"2022-12-01T14:02:30","date_gmt":"2022-12-01T14:02:30","guid":{"rendered":"https:\/\/www.ibermusicas.org\/?p=14271"},"modified":"2022-12-01T14:02:30","modified_gmt":"2022-12-01T14:02:30","slug":"desde-la-pampa-argentina-eureka-musicas-para-infancias-presenta-trilogia-fantastica","status":"publish","type":"post","link":"https:\/\/www.ibermusicas.org\/index.php\/desde-la-pampa-argentina-eureka-musicas-para-infancias-presenta-trilogia-fantastica\/","title":{"rendered":"Desde La Pampa, Argentina Eureka \u2013 M\u00fasicas para infancias Presenta Trilog\u00eda Fant\u00e1stica"},"content":{"rendered":"<p>El grupo Eureka \u2013 m\u00fasicas para infancias estar\u00e1 presentando su nuevo material audiovisual \u201cTrilog\u00eda fant\u00e1stica\u201d. Esta serie est\u00e1 compuesta por tres canciones de autor\u00eda propia: \u201cBrujas, \u201cPara ser pirata\u201d y \u201cEl Duende\u201d que, en esta oportunidad ser\u00e1n presentadas en formato audiovisual.<\/p>\n<p>&nbsp;<\/p>\n<p>La producci\u00f3n del material fue realizada enteramente en Santa Rosa (La Pampa \u2013 Argentina), de donde es originario el grupo musical. Las filmaciones fueron realizadas en las instalaciones del Centro Cultural Medasur, dependiente de la Secretar\u00eda de Cultura de la Provincia de La Pampa. Las canciones que integran la trilog\u00eda aluden al mundo de la fantas\u00eda, a personajes presentes en juegos, cuentos y tradiciones que acompa\u00f1an las infancias. Su tratamiento musical es rico en el uso de modos musicales, elementos r\u00edtmicos y materiales sonoros. Son obras con valor est\u00e9tico y al mismo tiempo ofrecen ricas posibilidades did\u00e1cticas, ya que habilitan diferentes modos de participaci\u00f3n, proponen dise\u00f1os mel\u00f3dicos simples para cantar, solos o superpuestos, juegos corporales, efectos sonoros, entre otros.<\/p>\n<p>&nbsp;<\/p>\n<p>La Trilog\u00eda Fant\u00e1stica estar\u00e1 acompa\u00f1ada por un material did\u00e1ctico en formato pdf, en el que el grupo ofrecer\u00e1 orientaciones para que estos audiovisuales puedan ser llevados al aula de m\u00fasica de todos los niveles educativos.<\/p>\n<p>&nbsp;<\/p>\n<p>Eureka est\u00e1 integrado por Laura Re, Ver\u00f3nica Mansilla y Alejandra Baraybar. Ellas son m\u00fasicas y docentes de la ciudad de Santa Rosa, La Pampa. Desde hace muchos a\u00f1os trabajan con ni\u00f1os en jardines de infantes, escuelas, talleres y orquestas. Tambi\u00e9n trabajan como formadoras de docentes, tanto en profesorados como en diferentes instancias de capacitaci\u00f3n y perfeccionamiento. En el a\u00f1o 2002, reunieron sus inquietudes como m\u00fasicas y como docentes y decidieron formar EUREKA, el tr\u00edo vocal-instrumental que integran desde entonces y con el que se han presentado en diferentes escenarios de Argentina.<\/p>\n<p>&nbsp;<\/p>\n<p>&nbsp;<\/p>\n<p>A partir del s\u00e1bado 10 de diciembre en<\/p>\n<p>https:\/\/www.instagram.com\/eurekasantarosa\/ https:\/\/www.youtube.com\/channel\/UC0DH4eB7TbK7KwTZcREgKQg https:\/\/www.facebook.com\/laseureka<\/p>\n","protected":false},"excerpt":{"rendered":"<p>El grupo Eureka \u2013 m\u00fasicas para infancias estar\u00e1 presentando su nuevo material audiovisual \u201cTrilog\u00eda fant\u00e1stica\u201d. Esta serie est\u00e1 compuesta por tres canciones de autor\u00eda propia: \u201cBrujas, \u201cPara ser pirata\u201d y \u201cEl Duende\u201d que, en esta oportunidad ser\u00e1n presentadas en formato audiovisual. &nbsp; La producci\u00f3n del material fue realizada enteramente en Santa Rosa (La Pampa \u2013 [&hellip;]<\/p>\n","protected":false},"author":1,"featured_media":14272,"comment_status":"closed","ping_status":"closed","sticky":false,"template":"","format":"standard","meta":{"_monsterinsights_skip_tracking":false,"_monsterinsights_sitenote_active":false,"_monsterinsights_sitenote_note":"","_monsterinsights_sitenote_category":0,"footnotes":""},"categories":[53],"tags":[],"class_list":["post-14271","post","type-post","status-publish","format-standard","has-post-thumbnail","hentry","category-noticias-generales"],"lang":"es","translations":{"es":14271,"pt":14274},"pll_sync_post":[],"post_mailing_queue_ids":[],"_links":{"self":[{"href":"https:\/\/www.ibermusicas.org\/index.php\/wp-json\/wp\/v2\/posts\/14271","targetHints":{"allow":["GET"]}}],"collection":[{"href":"https:\/\/www.ibermusicas.org\/index.php\/wp-json\/wp\/v2\/posts"}],"about":[{"href":"https:\/\/www.ibermusicas.org\/index.php\/wp-json\/wp\/v2\/types\/post"}],"author":[{"embeddable":true,"href":"https:\/\/www.ibermusicas.org\/index.php\/wp-json\/wp\/v2\/users\/1"}],"replies":[{"embeddable":true,"href":"https:\/\/www.ibermusicas.org\/index.php\/wp-json\/wp\/v2\/comments?post=14271"}],"version-history":[{"count":0,"href":"https:\/\/www.ibermusicas.org\/index.php\/wp-json\/wp\/v2\/posts\/14271\/revisions"}],"wp:featuredmedia":[{"embeddable":true,"href":"https:\/\/www.ibermusicas.org\/index.php\/wp-json\/wp\/v2\/media\/14272"}],"wp:attachment":[{"href":"https:\/\/www.ibermusicas.org\/index.php\/wp-json\/wp\/v2\/media?parent=14271"}],"wp:term":[{"taxonomy":"category","embeddable":true,"href":"https:\/\/www.ibermusicas.org\/index.php\/wp-json\/wp\/v2\/categories?post=14271"},{"taxonomy":"post_tag","embeddable":true,"href":"https:\/\/www.ibermusicas.org\/index.php\/wp-json\/wp\/v2\/tags?post=14271"}],"curies":[{"name":"wp","href":"https:\/\/api.w.org\/{rel}","templated":true}]}}