{"id":14277,"date":"2022-12-01T14:13:07","date_gmt":"2022-12-01T14:13:07","guid":{"rendered":"https:\/\/www.ibermusicas.org\/?p=14277"},"modified":"2022-12-29T19:28:32","modified_gmt":"2022-12-29T19:28:32","slug":"llega-desde-panama-la-propuesta-de-talleres-de-produccion-musical-de-folk-lab-studio-y-fundacion-danilo-perez","status":"publish","type":"post","link":"https:\/\/www.ibermusicas.org\/index.php\/llega-desde-panama-la-propuesta-de-talleres-de-produccion-musical-de-folk-lab-studio-y-fundacion-danilo-perez\/","title":{"rendered":"Llega desde Panam\u00e1 la propuesta de Talleres de Producci\u00f3n Musical de Folk Lab Studio y Fundaci\u00f3n Danilo Perez"},"content":{"rendered":"<p>Este proyecto se ejecuta a trav\u00e9s de alianza entre Folk Lab Studio y Fundaci\u00f3n Danilo P\u00e9rez, cuyo prop\u00f3sito es crear procesos educativos que incentiven a los estudiantes y m\u00fasicos a realizar sus proyectos musicales e investigativos que incluyen una pr\u00e1ctica paso a paso y una gu\u00eda de referencia para crear proyectos musicales, sostenibilidad, documentar y visibilizar colaboraciones musicales a mediano y largo plazo a nivel nacional e internacional.<\/p>\n<p>&nbsp;<\/p>\n<p>El proyecto ha sido trabajado para llevar a cabo la grabaci\u00f3n de dos composiciones de Luis Russell, los temas Come Back Sweet Papa y Bocas del Toro. Esta fase incluy\u00f3 preparaci\u00f3n, ensayos, selecci\u00f3n de la m\u00fasica, grabaci\u00f3n y presentaci\u00f3n musical. Los m\u00fasicos estuvieron bajo la direcci\u00f3n de Luis Carlos P\u00e9rez y profesores de la Fundaci\u00f3n Danilo P\u00e9rez. La ense\u00f1anza y la experiencia en el estudio fue aportada por el productor Billy Herron de Panam\u00e1 y la asesor\u00eda musical del ensamble por profesores iberoamericanos comprometidos con la misi\u00f3n de Fundaci\u00f3n Danilo Perez, \u201cpromover el cambio social y el desarrollo humano a trav\u00e9s de la m\u00fasica\u201d.<\/p>\n<p>&nbsp;<\/p>\n<p>&nbsp;<\/p>\n<p>10 de diciembre, concierto en el Teatro Ateneo de la Ciudad de Panam\u00e1 en conmemoraci\u00f3n del d\u00eda Internacional de los Derechos Humanos<\/p>\n","protected":false},"excerpt":{"rendered":"<p>Este proyecto se ejecuta a trav\u00e9s de alianza entre Folk Lab Studio y Fundaci\u00f3n Danilo P\u00e9rez, cuyo prop\u00f3sito es crear procesos educativos que incentiven a los estudiantes y m\u00fasicos a realizar sus proyectos musicales e investigativos que incluyen una pr\u00e1ctica paso a paso y una gu\u00eda de referencia para crear proyectos musicales, sostenibilidad, documentar y [&hellip;]<\/p>\n","protected":false},"author":1,"featured_media":14278,"comment_status":"closed","ping_status":"closed","sticky":false,"template":"","format":"standard","meta":{"_monsterinsights_skip_tracking":false,"_monsterinsights_sitenote_active":false,"_monsterinsights_sitenote_note":"","_monsterinsights_sitenote_category":0,"footnotes":""},"categories":[53],"tags":[],"class_list":["post-14277","post","type-post","status-publish","format-standard","has-post-thumbnail","hentry","category-noticias-generales"],"lang":"es","translations":{"es":14277,"pt":14280},"pll_sync_post":[],"post_mailing_queue_ids":[],"_links":{"self":[{"href":"https:\/\/www.ibermusicas.org\/index.php\/wp-json\/wp\/v2\/posts\/14277","targetHints":{"allow":["GET"]}}],"collection":[{"href":"https:\/\/www.ibermusicas.org\/index.php\/wp-json\/wp\/v2\/posts"}],"about":[{"href":"https:\/\/www.ibermusicas.org\/index.php\/wp-json\/wp\/v2\/types\/post"}],"author":[{"embeddable":true,"href":"https:\/\/www.ibermusicas.org\/index.php\/wp-json\/wp\/v2\/users\/1"}],"replies":[{"embeddable":true,"href":"https:\/\/www.ibermusicas.org\/index.php\/wp-json\/wp\/v2\/comments?post=14277"}],"version-history":[{"count":0,"href":"https:\/\/www.ibermusicas.org\/index.php\/wp-json\/wp\/v2\/posts\/14277\/revisions"}],"wp:featuredmedia":[{"embeddable":true,"href":"https:\/\/www.ibermusicas.org\/index.php\/wp-json\/wp\/v2\/media\/14278"}],"wp:attachment":[{"href":"https:\/\/www.ibermusicas.org\/index.php\/wp-json\/wp\/v2\/media?parent=14277"}],"wp:term":[{"taxonomy":"category","embeddable":true,"href":"https:\/\/www.ibermusicas.org\/index.php\/wp-json\/wp\/v2\/categories?post=14277"},{"taxonomy":"post_tag","embeddable":true,"href":"https:\/\/www.ibermusicas.org\/index.php\/wp-json\/wp\/v2\/tags?post=14277"}],"curies":[{"name":"wp","href":"https:\/\/api.w.org\/{rel}","templated":true}]}}