{"id":14290,"date":"2022-12-01T14:42:03","date_gmt":"2022-12-01T14:42:03","guid":{"rendered":"https:\/\/www.ibermusicas.org\/?p=14290"},"modified":"2022-12-29T19:28:19","modified_gmt":"2022-12-29T19:28:19","slug":"el-duo-a-corda-em-si-de-brasil-presenta-encontro-das-aguasun-concierto-on-line-jungo-a-nicole-ruju-de-peru-y-con-la-participacion-especial-de-gudin-paiva-en-percusi","status":"publish","type":"post","link":"https:\/\/www.ibermusicas.org\/index.php\/el-duo-a-corda-em-si-de-brasil-presenta-encontro-das-aguasun-concierto-on-line-jungo-a-nicole-ruju-de-peru-y-con-la-participacion-especial-de-gudin-paiva-en-percusi\/","title":{"rendered":"El D\u00fao \u201cA Corda em Si\u201d de Brasil presenta \u201cEncontro das \u00c1guas\u201dun concierto on line jungo a Nicole Ruju de Per\u00fa y con la participaci\u00f3n especial de Gudin Paiva en percusi\u00f3n"},"content":{"rendered":"<p>El d\u00fao A Corda em Si est\u00e1 formado por Mateus Costa (bajista, arreglista y compositor) y Fernanda Rosa (cantante, percusionista y compositora), debut\u00f3 en 2009 en Florian\u00f3polis\/SC, con la propuesta de hacer m\u00fasica en la rara formaci\u00f3n de contrabajo y voz.<\/p>\n<p>&nbsp;<\/p>\n<p>En 2010 lanzaron su primer \u00e1lbum, \u00abO Som do Vazio\u00bb, trabajo con el que representaron a Brasil en Lisboa\/Portugal en 2013, durante el evento \u00abEl A\u00f1o de Brasil en Portugal\u00bb, invitados por el Ministerio de Cultura. O Som do Vazio fue aclamado por la cr\u00edtica y recibi\u00f3 una menci\u00f3n de honor en el \u00abPremio a los 100 mejores \u00e1lbumes de la m\u00fasica brasile\u00f1a\u00bb de la revista Embrulhador.com, siendo lanzado en varias regiones del pa\u00eds. El segundo \u00e1lbum fue lanzado en 2014, titulado \u00abSinfon\u00eda Azul\u00bb, con la direcci\u00f3n musical de Andr\u00e9 Mehmari.<\/p>\n<p>&nbsp;<\/p>\n<p>En 2015 el d\u00fao recibi\u00f3 un premio del Gobierno del Estado de Santa Catarina por la realizaci\u00f3n del videoclip Sinfon\u00eda Azul e o Mar, con la canci\u00f3n \u00abT\u00e9 Mais\u00bb. En 2016 fueron elegidos para participar en el Circuito Musical Sesc de Santa Catarina, actuando en 27 ciudades del estado.<\/p>\n<p>&nbsp;<\/p>\n<p>En 2017 vuelve a ganar el Premio del Gobierno del Estado, esta vez con el proyecto \u00abLivreMente\u00bb, que permiti\u00f3 la puesta en escena y la circulaci\u00f3n de la obra por ciudades del interior de Santa Catarina, Paran\u00e1 y S\u00e3o Paulo, adem\u00e1s de posibilitar la grabaci\u00f3n de un DVD para ciegos con audiodescripci\u00f3n, lanzado en diciembre de 2018.<\/p>\n<p>&nbsp;<\/p>\n<p>En 2018 estren\u00f3 el espect\u00e1culo \u00abNove, un espect\u00e1culo literario-musical\u00bb, premiado por el Fondo Municipal de Cultura de Florian\u00f3polis e inspirado en los cuentos y leyendas de la cultura azoriana. El espect\u00e1culo fue creado y se presenta en colaboraci\u00f3n con otro grupo de Santa Catarina, el D\u00fao Consonante.<\/p>\n<p>&nbsp;<\/p>\n<p>&nbsp;<\/p>\n<p>Domingo 11 de diciembre 16 hs. de Brasil, 14 hs. de Per\u00fa<\/p>\n<p>https:\/\/www.youtube.com\/@ACordaemSi<\/p>\n","protected":false},"excerpt":{"rendered":"<p>El d\u00fao A Corda em Si est\u00e1 formado por Mateus Costa (bajista, arreglista y compositor) y Fernanda Rosa (cantante, percusionista y compositora), debut\u00f3 en 2009 en Florian\u00f3polis\/SC, con la propuesta de hacer m\u00fasica en la rara formaci\u00f3n de contrabajo y voz. &nbsp; En 2010 lanzaron su primer \u00e1lbum, \u00abO Som do Vazio\u00bb, trabajo con el [&hellip;]<\/p>\n","protected":false},"author":1,"featured_media":14293,"comment_status":"closed","ping_status":"closed","sticky":false,"template":"","format":"standard","meta":{"_monsterinsights_skip_tracking":false,"_monsterinsights_sitenote_active":false,"_monsterinsights_sitenote_note":"","_monsterinsights_sitenote_category":0,"footnotes":""},"categories":[53],"tags":[],"class_list":["post-14290","post","type-post","status-publish","format-standard","has-post-thumbnail","hentry","category-noticias-generales"],"lang":"es","translations":{"es":14290,"pt":14297},"pll_sync_post":[],"post_mailing_queue_ids":[],"_links":{"self":[{"href":"https:\/\/www.ibermusicas.org\/index.php\/wp-json\/wp\/v2\/posts\/14290","targetHints":{"allow":["GET"]}}],"collection":[{"href":"https:\/\/www.ibermusicas.org\/index.php\/wp-json\/wp\/v2\/posts"}],"about":[{"href":"https:\/\/www.ibermusicas.org\/index.php\/wp-json\/wp\/v2\/types\/post"}],"author":[{"embeddable":true,"href":"https:\/\/www.ibermusicas.org\/index.php\/wp-json\/wp\/v2\/users\/1"}],"replies":[{"embeddable":true,"href":"https:\/\/www.ibermusicas.org\/index.php\/wp-json\/wp\/v2\/comments?post=14290"}],"version-history":[{"count":0,"href":"https:\/\/www.ibermusicas.org\/index.php\/wp-json\/wp\/v2\/posts\/14290\/revisions"}],"wp:featuredmedia":[{"embeddable":true,"href":"https:\/\/www.ibermusicas.org\/index.php\/wp-json\/wp\/v2\/media\/14293"}],"wp:attachment":[{"href":"https:\/\/www.ibermusicas.org\/index.php\/wp-json\/wp\/v2\/media?parent=14290"}],"wp:term":[{"taxonomy":"category","embeddable":true,"href":"https:\/\/www.ibermusicas.org\/index.php\/wp-json\/wp\/v2\/categories?post=14290"},{"taxonomy":"post_tag","embeddable":true,"href":"https:\/\/www.ibermusicas.org\/index.php\/wp-json\/wp\/v2\/tags?post=14290"}],"curies":[{"name":"wp","href":"https:\/\/api.w.org\/{rel}","templated":true}]}}