{"id":14297,"date":"2022-12-01T14:43:43","date_gmt":"2022-12-01T14:43:43","guid":{"rendered":"https:\/\/www.ibermusicas.org\/?p=14297"},"modified":"2022-12-29T19:39:08","modified_gmt":"2022-12-29T19:39:08","slug":"o-duo-a-corda-em-si-do-brasil-apresenta-encontro-das-aguas-um-concerto-online-juntamente-com-nicole-ruju-do-peru-e-com-a-participacao-especial-de-gudin-paiva-na-percussao","status":"publish","type":"post","link":"https:\/\/www.ibermusicas.org\/index.php\/o-duo-a-corda-em-si-do-brasil-apresenta-encontro-das-aguas-um-concerto-online-juntamente-com-nicole-ruju-do-peru-e-com-a-participacao-especial-de-gudin-paiva-na-percussao\/","title":{"rendered":"O Duo \u00abA Corda em Si\u00bb do Brasil apresenta \u00abEncontro das \u00c1guas\u00bb um concerto online juntamente com Nicole Ruju do Peru e com a participa\u00e7\u00e3o especial de Gudin Paiva na percuss\u00e3o"},"content":{"rendered":"<p>O duo A Corda em Si \u00e9 formado por Mateus Costa (contrabaixista, arranjador e compositor) e Fernanda Rosa (cantora, percussionista e compositora), estreou em 2009 em Florian\u00f3polis\/SC, com a proposta de fazer m\u00fasica na rara forma\u00e7\u00e3o de contrabaixo e voz.<\/p>\n<p>&nbsp;<\/p>\n<p>Em 2010 lan\u00e7aram o primeiro \u00e1lbum, \u201cO Som do Vazio\u201d, trabalho com o qual representaram o Brasil em Lisboa\/Portugal no ano de 2013, durante a realiza\u00e7\u00e3o do evento \u201cO Ano do Brasil em Portugal\u201d, a convite do Minist\u00e9rio da Cultura. O Som do Vazio foi aclamado pela cr\u00edtica e recebeu men\u00e7\u00e3o honrosa do \u201cPr\u00eamio Os 100 Melhores \u00c1lbuns da M\u00fasica Brasileira\u201d pela revista Embrulhador.com, sendo lan\u00e7ado em v\u00e1rias regi\u00f5es do pa\u00eds. O segundo \u00e1lbum foi lan\u00e7ado em 2014, intitulado \u201cSinfonia Azul\u201d, com dire\u00e7\u00e3o musical de Andr\u00e9 Mehmari.<\/p>\n<p>&nbsp;<\/p>\n<p>Em 2015 o duo recebeu um Pr\u00eamio do Governo do Estado de Santa Catarina para a realiza\u00e7\u00e3o do videoclipe Sinfonia Azul e o Mar, com a m\u00fasica \u201cT\u00e9 Mais\u201d. Em 2016 foram escolhidos para participar do Circuito Sesc de M\u00fasica de Santa Catarina, realizando apresenta\u00e7\u00f5es em 27 cidades do estado.<\/p>\n<p>&nbsp;<\/p>\n<p>Em 2017 novamente vence o Pr\u00eamio do Governo do Estado, desta vez com o projeto \u201cLivreMente\u201d, que possibilitou a montagem e a circula\u00e7\u00e3o do trabalho por cidades do interior de Santa Catarina, Paran\u00e1 e S\u00e3o Paulo, bem como viabilizou a grava\u00e7\u00e3o de um DVD cego com audiodescri\u00e7\u00e3o, lan\u00e7ado em dezembro de 2018.<\/p>\n<p>&nbsp;<\/p>\n<p>Em 2018 estreou o espet\u00e1culo \u201cNove, um espet\u00e1culo l\u00edtero-musical\u201d, premiado pelo edital do Fundo Municipal de Cultura de Florian\u00f3polis, totalmente autoral, inspirado nos contos e lendas da cultura a\u00e7oriana. O espet\u00e1culo foi criado e \u00e9 apresentado em parceria com outro grupo catarinense, o Consonante Duo.<\/p>\n<p>&nbsp;<\/p>\n<p>&nbsp;<\/p>\n<p>Domingo 11 de dezembro 16 hs.\u00a0 Brasil, 14 hs. Peru<\/p>\n<p>https:\/\/www.youtube.com\/@ACordaemSi<\/p>\n","protected":false},"excerpt":{"rendered":"<p>O duo A Corda em Si \u00e9 formado por Mateus Costa (contrabaixista, arranjador e compositor) e Fernanda Rosa (cantora, percussionista e compositora), estreou em 2009 em Florian\u00f3polis\/SC, com a proposta de fazer m\u00fasica na rara forma\u00e7\u00e3o de contrabaixo e voz. &nbsp; Em 2010 lan\u00e7aram o primeiro \u00e1lbum, \u201cO Som do Vazio\u201d, trabalho com o qual [&hellip;]<\/p>\n","protected":false},"author":1,"featured_media":14293,"comment_status":"closed","ping_status":"closed","sticky":false,"template":"","format":"standard","meta":{"_monsterinsights_skip_tracking":false,"_monsterinsights_sitenote_active":false,"_monsterinsights_sitenote_note":"","_monsterinsights_sitenote_category":0,"footnotes":""},"categories":[218],"tags":[],"class_list":["post-14297","post","type-post","status-publish","format-standard","has-post-thumbnail","hentry","category-noticias-generales-pt"],"lang":"pt","translations":{"pt":14297,"es":14290},"pll_sync_post":[],"post_mailing_queue_ids":[],"_links":{"self":[{"href":"https:\/\/www.ibermusicas.org\/index.php\/wp-json\/wp\/v2\/posts\/14297","targetHints":{"allow":["GET"]}}],"collection":[{"href":"https:\/\/www.ibermusicas.org\/index.php\/wp-json\/wp\/v2\/posts"}],"about":[{"href":"https:\/\/www.ibermusicas.org\/index.php\/wp-json\/wp\/v2\/types\/post"}],"author":[{"embeddable":true,"href":"https:\/\/www.ibermusicas.org\/index.php\/wp-json\/wp\/v2\/users\/1"}],"replies":[{"embeddable":true,"href":"https:\/\/www.ibermusicas.org\/index.php\/wp-json\/wp\/v2\/comments?post=14297"}],"version-history":[{"count":0,"href":"https:\/\/www.ibermusicas.org\/index.php\/wp-json\/wp\/v2\/posts\/14297\/revisions"}],"wp:featuredmedia":[{"embeddable":true,"href":"https:\/\/www.ibermusicas.org\/index.php\/wp-json\/wp\/v2\/media\/14293"}],"wp:attachment":[{"href":"https:\/\/www.ibermusicas.org\/index.php\/wp-json\/wp\/v2\/media?parent=14297"}],"wp:term":[{"taxonomy":"category","embeddable":true,"href":"https:\/\/www.ibermusicas.org\/index.php\/wp-json\/wp\/v2\/categories?post=14297"},{"taxonomy":"post_tag","embeddable":true,"href":"https:\/\/www.ibermusicas.org\/index.php\/wp-json\/wp\/v2\/tags?post=14297"}],"curies":[{"name":"wp","href":"https:\/\/api.w.org\/{rel}","templated":true}]}}