{"id":14302,"date":"2022-12-01T14:45:13","date_gmt":"2022-12-01T14:45:13","guid":{"rendered":"https:\/\/www.ibermusicas.org\/?p=14302"},"modified":"2022-12-29T19:28:13","modified_gmt":"2022-12-29T19:28:13","slug":"el-contrabajista-uruguayo-marcos-exposito-y-el-percusionista-peruano-gaddafi-nunez-presentan-chabuca-negra","status":"publish","type":"post","link":"https:\/\/www.ibermusicas.org\/index.php\/el-contrabajista-uruguayo-marcos-exposito-y-el-percusionista-peruano-gaddafi-nunez-presentan-chabuca-negra\/","title":{"rendered":"El contrabajista uruguayo Marcos Exp\u00f3sito y el percusionista peruano Gaddafi N\u00fa\u00f1ez presentan \u201cChabuca Negra\u201d"},"content":{"rendered":"<p>\u201cChabuca Negra\u201d propone el dise\u00f1o, grabaci\u00f3n y realizaci\u00f3n de un disco enfocado en la etapa afroperuana de Chabuca Granda, sum\u00e1ndose, como forma de innovaci\u00f3n y di\u00e1logo intercultural, el relacionar estas composiciones con otros ritmos iberoamericanos de origen afro como el Candombe, la Milonga, el Ajechao, el Maracat\u00fa y el Samba.<\/p>\n<p>&nbsp;<\/p>\n<p>\u201cChabuca Negra\u201d es un proyecto liderado por los m\u00fasicos y productores Marcos Exp\u00f3sito (Uruguay) y Gaddafi N\u00fa\u00f1ez (Per\u00fa). El amor por la m\u00fasica latinoamericana de ra\u00edz afro ha unido a estos dos m\u00fasicos desde que se conocieron y desde entonces, han llevado a cabo diferentes proyectos juntos. \u201cChabuca Negra\u201d surge de la necesidad de continuar con la difusi\u00f3n de parte de la obra de la reconocida y fundamental compositora peruana Chabuca Granda, haciendo especial hincapi\u00e9 en las m\u00fasicas de su autor\u00eda que surgen a trav\u00e9s de su devoci\u00f3n y admiraci\u00f3n por lo afroperuano, una realidad que, a pesar de ser muy distinta a sus or\u00edgenes, Granda supo amar y congeniar junto con grand\u00edsimos m\u00fasicos afroperuanos para componer hermosas canciones.<\/p>\n<p>&nbsp;<\/p>\n<p>El disco ser\u00e1 lanzado el 15 de diciembre en todas las plataformas digitales<\/p>\n<p>&nbsp;<\/p>\n","protected":false},"excerpt":{"rendered":"<p>\u201cChabuca Negra\u201d propone el dise\u00f1o, grabaci\u00f3n y realizaci\u00f3n de un disco enfocado en la etapa afroperuana de Chabuca Granda, sum\u00e1ndose, como forma de innovaci\u00f3n y di\u00e1logo intercultural, el relacionar estas composiciones con otros ritmos iberoamericanos de origen afro como el Candombe, la Milonga, el Ajechao, el Maracat\u00fa y el Samba. &nbsp; \u201cChabuca Negra\u201d es un [&hellip;]<\/p>\n","protected":false},"author":1,"featured_media":14305,"comment_status":"closed","ping_status":"closed","sticky":false,"template":"","format":"standard","meta":{"_monsterinsights_skip_tracking":false,"_monsterinsights_sitenote_active":false,"_monsterinsights_sitenote_note":"","_monsterinsights_sitenote_category":0,"footnotes":""},"categories":[53],"tags":[],"class_list":["post-14302","post","type-post","status-publish","format-standard","has-post-thumbnail","hentry","category-noticias-generales"],"lang":"es","translations":{"es":14302,"pt":14308},"pll_sync_post":[],"post_mailing_queue_ids":[],"_links":{"self":[{"href":"https:\/\/www.ibermusicas.org\/index.php\/wp-json\/wp\/v2\/posts\/14302","targetHints":{"allow":["GET"]}}],"collection":[{"href":"https:\/\/www.ibermusicas.org\/index.php\/wp-json\/wp\/v2\/posts"}],"about":[{"href":"https:\/\/www.ibermusicas.org\/index.php\/wp-json\/wp\/v2\/types\/post"}],"author":[{"embeddable":true,"href":"https:\/\/www.ibermusicas.org\/index.php\/wp-json\/wp\/v2\/users\/1"}],"replies":[{"embeddable":true,"href":"https:\/\/www.ibermusicas.org\/index.php\/wp-json\/wp\/v2\/comments?post=14302"}],"version-history":[{"count":0,"href":"https:\/\/www.ibermusicas.org\/index.php\/wp-json\/wp\/v2\/posts\/14302\/revisions"}],"wp:featuredmedia":[{"embeddable":true,"href":"https:\/\/www.ibermusicas.org\/index.php\/wp-json\/wp\/v2\/media\/14305"}],"wp:attachment":[{"href":"https:\/\/www.ibermusicas.org\/index.php\/wp-json\/wp\/v2\/media?parent=14302"}],"wp:term":[{"taxonomy":"category","embeddable":true,"href":"https:\/\/www.ibermusicas.org\/index.php\/wp-json\/wp\/v2\/categories?post=14302"},{"taxonomy":"post_tag","embeddable":true,"href":"https:\/\/www.ibermusicas.org\/index.php\/wp-json\/wp\/v2\/tags?post=14302"}],"curies":[{"name":"wp","href":"https:\/\/api.w.org\/{rel}","templated":true}]}}