{"id":14332,"date":"2022-12-09T12:16:16","date_gmt":"2022-12-09T12:16:16","guid":{"rendered":"https:\/\/www.ibermusicas.org\/?p=14332"},"modified":"2023-06-01T12:41:41","modified_gmt":"2023-06-01T12:41:41","slug":"ibermusicas-anuncia-los-proyectos-seleccionados-en-las-lineas-de-ayudas-al-sector-musical-convocatorias-2022","status":"publish","type":"post","link":"https:\/\/www.ibermusicas.org\/index.php\/ibermusicas-anuncia-los-proyectos-seleccionados-en-las-lineas-de-ayudas-al-sector-musical-convocatorias-2022\/","title":{"rendered":"Iberm\u00fasicas anuncia los proyectos seleccionados en las l\u00edneas de Ayudas al Sector Musical, convocatorias 2022"},"content":{"rendered":"<p>Con enorme alegr\u00eda Iberm\u00fasicas anuncia los nombres de los proyectos seleccionados en las l\u00edneas de:<\/p>\n<p><a href=\"https:\/\/www.ibermusicas.org\/index.php\/seleccionados-2022\/#circulacion\">&#8211; Ayudas al sector musical para la circulaci\u00f3n en Iberoam\u00e9rica<\/a><br \/>\n<a href=\"https:\/\/www.ibermusicas.org\/index.php\/seleccionados-2022\/#circulacion-eeuu\">&#8211; Ayudas al sector musical para la circulaci\u00f3n en Estados Unidos<\/a><br \/>\n<a href=\"https:\/\/www.ibermusicas.org\/index.php\/seleccionados-2022\/#programacion\">&#8211; Ayudas al sector musical para la programaci\u00f3n iberoamericana<\/a><br \/>\n<a href=\"https:\/\/www.ibermusicas.org\/index.php\/seleccionados-2022\/#especializacion\">&#8211; Ayudas para la especializaci\u00f3n y el perfeccionamiento art\u00edstico y t\u00e9cnico del sector musical<\/a><br \/>\n<a href=\"https:\/\/www.ibermusicas.org\/index.php\/seleccionados-2022\/#virtual\">&#8211; Ayudas al sector musical en modalidad virtual<\/a><\/p>\n<p>Se trata de un a\u00f1o muy especial ya que es el que marca los primeros diez a\u00f1os de intenso e ininterrumpido trabajo reafirmando nuestro compromiso de dinamizar el espacio musical de toda la regi\u00f3n Iberoamericana mediante pol\u00edticas p\u00fablicas de fomento y apoyo a la actividad profesional de las y los artistas musicales.<\/p>\n<p>En estos diez a\u00f1os el Programa fue creciendo de forma constante, incorporando nuevos pa\u00edses, adaptando sus l\u00edneas de fomento a la actividad musical en respuesta a las demandas del sector con vistas a fortalecer el mercado de trabajo, especialmente luego de los dos a\u00f1os de pandemia que paralizaron la actividad. En resumen, una nueva edici\u00f3n que busca apoyar la reactivaci\u00f3n del sector musical.<\/p>\n<p>Los proyectos seleccionados han sido elegidos de entre 917 propuestas recibidas. Cada uno de estos proyectos implica la cooperaci\u00f3n con otros pa\u00edses de la regi\u00f3n y fortalece el continuo crecimiento de una red de v\u00ednculos continental y transatl\u00e1ntica para la promoci\u00f3n de la circulaci\u00f3n, la creaci\u00f3n, la colaboraci\u00f3n, el intercambio de saberes y buenas pr\u00e1cticas y especialmente,\u00a0 el desarrollo de nuevos p\u00fablicos y mercados. Se trata de una uni\u00f3n que genera mayor desarrollo y proyecci\u00f3n a todo el sector musical iberoamericano y abre nuevos y cada vez m\u00e1s amplios horizontes.<\/p>\n<p>Los proyectos han sido elegidos tras un riguroso proceso de evaluaci\u00f3n, calificaci\u00f3n y selecci\u00f3n llevado a cabo por jurados especialmente designados por cada uno de los pa\u00edses que integran el Programa Iberm\u00fasicas. Han sido jurados en esta edici\u00f3n: por Argentina Dar\u00edo Jalfin, Sara Mamani, Edu Schmidt y Casiana Torres, por Brasil Maya Suemi, Andr\u00e9 Brasileiro y Rafael Cortes, por Chile Pablo Morales, Natalia Suazo y Manuel Vilches, por Colombia Mar\u00eda Catalina Prieto, Ang\u00e9lica Otero y Urian Sarmiento, por Costa Rica Andrea Mar\u00eda Porras Rud\u00edn y George Jones, por Ecuador Ana Mar\u00eda Tamayo, Carlos Bravo y Andr\u00e9s Noboa, por M\u00e9xico Jaime Ruiz Lobera, Julia Cabrera Sol\u00eds y Jorge Humberto Torres S\u00e1enz, por Paraguay Melissa Hicks, Sergio Ferreira y Oscar Fadlala, por Panam\u00e1 Blanca Choy, R\u00f3mulo Castro y Rodrigo Escobar, por Per\u00fa Janeth Yoshiro Gonzales Ayala y Luis Enrique Chavez Morales, por Portugal Helena Rom\u00e3o y Ant\u00f3nio Tilly y por Uruguay Regina Chiappara, Moriana Peyrou y Mart\u00edn Borteiro.<\/p>\n<p>Invitamos a todo el sector musical de nuestros pa\u00edses a seguir presentando propuestas en nuestros concursos. La enorme cantidad de proyectos recibidos hace imposible la premiaci\u00f3n de todas las propuestas, pero siempre hay nuevas oportunidades con cada nuevo llamado a concurso.<\/p>\n<p><a href=\"https:\/\/www.ibermusicas.org\/index.php\/seleccionados-2022\/\">CONSULTA LOS PROYECTOS SELECCIONADOS<\/a><\/p>\n","protected":false},"excerpt":{"rendered":"<p>Con enorme alegr\u00eda Iberm\u00fasicas anuncia los nombres de los proyectos seleccionados en las l\u00edneas de: &#8211; Ayudas al sector musical para la circulaci\u00f3n en Iberoam\u00e9rica &#8211; Ayudas al sector musical para la circulaci\u00f3n en Estados Unidos &#8211; Ayudas al sector musical para la programaci\u00f3n iberoamericana &#8211; Ayudas para la especializaci\u00f3n y el perfeccionamiento art\u00edstico y [&hellip;]<\/p>\n","protected":false},"author":1,"featured_media":14333,"comment_status":"closed","ping_status":"closed","sticky":false,"template":"","format":"standard","meta":{"_monsterinsights_skip_tracking":false,"_monsterinsights_sitenote_active":false,"_monsterinsights_sitenote_note":"","_monsterinsights_sitenote_category":0,"footnotes":""},"categories":[53],"tags":[],"class_list":["post-14332","post","type-post","status-publish","format-standard","has-post-thumbnail","hentry","category-noticias-generales"],"lang":"es","translations":{"es":14332,"pt":14341},"pll_sync_post":[],"post_mailing_queue_ids":[],"_links":{"self":[{"href":"https:\/\/www.ibermusicas.org\/index.php\/wp-json\/wp\/v2\/posts\/14332","targetHints":{"allow":["GET"]}}],"collection":[{"href":"https:\/\/www.ibermusicas.org\/index.php\/wp-json\/wp\/v2\/posts"}],"about":[{"href":"https:\/\/www.ibermusicas.org\/index.php\/wp-json\/wp\/v2\/types\/post"}],"author":[{"embeddable":true,"href":"https:\/\/www.ibermusicas.org\/index.php\/wp-json\/wp\/v2\/users\/1"}],"replies":[{"embeddable":true,"href":"https:\/\/www.ibermusicas.org\/index.php\/wp-json\/wp\/v2\/comments?post=14332"}],"version-history":[{"count":0,"href":"https:\/\/www.ibermusicas.org\/index.php\/wp-json\/wp\/v2\/posts\/14332\/revisions"}],"wp:featuredmedia":[{"embeddable":true,"href":"https:\/\/www.ibermusicas.org\/index.php\/wp-json\/wp\/v2\/media\/14333"}],"wp:attachment":[{"href":"https:\/\/www.ibermusicas.org\/index.php\/wp-json\/wp\/v2\/media?parent=14332"}],"wp:term":[{"taxonomy":"category","embeddable":true,"href":"https:\/\/www.ibermusicas.org\/index.php\/wp-json\/wp\/v2\/categories?post=14332"},{"taxonomy":"post_tag","embeddable":true,"href":"https:\/\/www.ibermusicas.org\/index.php\/wp-json\/wp\/v2\/tags?post=14332"}],"curies":[{"name":"wp","href":"https:\/\/api.w.org\/{rel}","templated":true}]}}