{"id":14341,"date":"2022-12-07T12:21:50","date_gmt":"2022-12-07T12:21:50","guid":{"rendered":"https:\/\/www.ibermusicas.org\/?p=14341"},"modified":"2023-06-01T12:42:27","modified_gmt":"2023-06-01T12:42:27","slug":"ibermusicas-anuncia-os-projetos-selecionados-nas-linhas-de-subsidios-para-o-setor-musical-chamadas-2022","status":"publish","type":"post","link":"https:\/\/www.ibermusicas.org\/index.php\/ibermusicas-anuncia-os-projetos-selecionados-nas-linhas-de-subsidios-para-o-setor-musical-chamadas-2022\/","title":{"rendered":"Iberm\u00fasicas anuncia os projetos selecionados nas linhas de Subs\u00eddios para o Setor Musical, chamadas 2022"},"content":{"rendered":"<p>\u00c9 com grande alegria que Iberm\u00fasicas anuncia os nomes dos projetos selecionados nas linhas de:<\/p>\n<p><a href=\"https:\/\/www.ibermusicas.org\/index.php\/selecionados-2022-pt\/#circulacion\">&#8211; Ajudas ao setor musical para circula\u00e7\u00e3o na Ibero-Am\u00e9rica<\/a><br \/>\n<a href=\"https:\/\/www.ibermusicas.org\/index.php\/selecionados-2022-pt\/#circulacion-eeuu\">&#8211; Ajudas ao setor musical para circula\u00e7\u00e3o nos Estados Unidos<\/a><br \/>\n<a href=\"https:\/\/www.ibermusicas.org\/index.php\/selecionados-2022-pt\/#programacion\">&#8211; Ajudas ao setor musical para programa\u00e7\u00e3o ibero-americana<\/a><br \/>\n<a href=\"https:\/\/www.ibermusicas.org\/index.php\/selecionados-2022-pt\/#especializacion\">&#8211; Ajudas para a especializa\u00e7\u00e3o e aperfei\u00e7oamento art\u00edstico e t\u00e9cnico do setor musical<\/a><br \/>\n<a href=\"https:\/\/www.ibermusicas.org\/index.php\/selecionados-2022-pt\/#virtual\">&#8211; Ajudas ao setor musical em modo virtual<\/a><\/p>\n<p>Este \u00e9 um ano muito especial, pois marca os primeiros dez anos de trabalho intenso e ininterrupto reafirmando nosso compromisso de revigorar o espa\u00e7o musical de toda a regi\u00e3o ibero-americana atrav\u00e9s de pol\u00edticas p\u00fablicas de promo\u00e7\u00e3o e apoio \u00e0 atividade profissional dos artistas musicais.<\/p>\n<p>Nestes dez anos, o Programa cresceu constantemente, incorporando novos pa\u00edses, adaptando suas linhas de apoio \u00e0 atividade musical em resposta \u00e0s demandas do setor com o objetivo de fortalecer o mercado de trabalho, especialmente ap\u00f3s os dois anos da pandemia que paralisou a atividade. Em resumo, uma nova edi\u00e7\u00e3o que procura apoiar a reativa\u00e7\u00e3o do setor musical.<\/p>\n<p>Os projetos selecionados foram escolhidos entre as 917 propostas recebidas. Cada um desses projetos envolve coopera\u00e7\u00e3o com outros pa\u00edses da regi\u00e3o e fortalece o crescimento cont\u00ednuo de uma rede de la\u00e7os continentais e transatl\u00e2nticos para a promo\u00e7\u00e3o da circula\u00e7\u00e3o, cria\u00e7\u00e3o, colabora\u00e7\u00e3o, interc\u00e2mbio de conhecimentos e boas pr\u00e1ticas e, especialmente, o desenvolvimento de novos p\u00fablicos e mercados. \u00c9 uma uni\u00e3o que gera maior desenvolvimento e proje\u00e7\u00e3o para todo o setor musical ibero-americano e abre novos e cada vez mais amplos horizontes.<\/p>\n<p>Os projetos foram escolhidos ap\u00f3s um rigoroso processo de avalia\u00e7\u00e3o, qualifica\u00e7\u00e3o e sele\u00e7\u00e3o realizado por j\u00faris especialmente nomeados por cada um dos pa\u00edses que comp\u00f5em o Programa Iberm\u00fasicas. Os jurados desta edi\u00e7\u00e3o foram para a Argentina Dar\u00edo Jalfin, Sara Mamani, Edu Schmidt e Casiana Torres, para o Brasil Maya Suemi, Andr\u00e9 Brasileiro e Rafael Cortes, para o Chile Pablo Morales, Natalia Suazo e Manuel Vilches, para a Col\u00f4mbia Mar\u00eda Catalina Prieto, Ang\u00e9lica Otero e Urian Sarmiento, para a Costa Rica Andrea Mar\u00eda Porras Rud\u00edn e George Jones, para o Equador Ana Mar\u00eda Tamayo, Carlos Bravo e Andr\u00e9s Noboa, para o M\u00e9xico Jaime Ruiz Lobera, Julia Cabrera Sol\u00eds e Jorge Humberto Torres S\u00e1enz, para o Paraguai Melissa Hicks, Sergio Ferreira e Oscar Fadlala, para o Panam\u00e1 Blanca Choy, R\u00f3mulo Castro e Rodrigo Escobar, para o Peru Janeth Yoshiro Gonzales Ayala e Luis Enrique Chavez Morales, para Portugal Helena Rom\u00e3o e Ant\u00f3nio Tilly e para o Uruguai Regina Chiappara, Moriana Peyrou e Mart\u00edn Borteiro.<\/p>\n<p>Convidamos todo o setor musical em nossos pa\u00edses a continuar apresentando propostas em nossos concursos. A enorme quantidade de projetos recebidos torna imposs\u00edvel a adjudica\u00e7\u00e3o de todas as propostas, mas sempre h\u00e1 novas oportunidades a cada nova chamada.<\/p>\n<p><a href=\"https:\/\/www.ibermusicas.org\/index.php\/selecionados-2022-pt\/\">CONHE\u00c7A OS PROJETOS SELECIONADOS<\/a><\/p>\n","protected":false},"excerpt":{"rendered":"<p>\u00c9 com grande alegria que Iberm\u00fasicas anuncia os nomes dos projetos selecionados nas linhas de: &#8211; Ajudas ao setor musical para circula\u00e7\u00e3o na Ibero-Am\u00e9rica &#8211; Ajudas ao setor musical para circula\u00e7\u00e3o nos Estados Unidos &#8211; Ajudas ao setor musical para programa\u00e7\u00e3o ibero-americana &#8211; Ajudas para a especializa\u00e7\u00e3o e aperfei\u00e7oamento art\u00edstico e t\u00e9cnico do setor musical [&hellip;]<\/p>\n","protected":false},"author":1,"featured_media":14333,"comment_status":"closed","ping_status":"closed","sticky":false,"template":"","format":"standard","meta":{"_monsterinsights_skip_tracking":false,"_monsterinsights_sitenote_active":false,"_monsterinsights_sitenote_note":"","_monsterinsights_sitenote_category":0,"footnotes":""},"categories":[218],"tags":[],"class_list":["post-14341","post","type-post","status-publish","format-standard","has-post-thumbnail","hentry","category-noticias-generales-pt"],"lang":"pt","translations":{"pt":14341,"es":14332},"pll_sync_post":[],"post_mailing_queue_ids":[],"_links":{"self":[{"href":"https:\/\/www.ibermusicas.org\/index.php\/wp-json\/wp\/v2\/posts\/14341","targetHints":{"allow":["GET"]}}],"collection":[{"href":"https:\/\/www.ibermusicas.org\/index.php\/wp-json\/wp\/v2\/posts"}],"about":[{"href":"https:\/\/www.ibermusicas.org\/index.php\/wp-json\/wp\/v2\/types\/post"}],"author":[{"embeddable":true,"href":"https:\/\/www.ibermusicas.org\/index.php\/wp-json\/wp\/v2\/users\/1"}],"replies":[{"embeddable":true,"href":"https:\/\/www.ibermusicas.org\/index.php\/wp-json\/wp\/v2\/comments?post=14341"}],"version-history":[{"count":0,"href":"https:\/\/www.ibermusicas.org\/index.php\/wp-json\/wp\/v2\/posts\/14341\/revisions"}],"wp:featuredmedia":[{"embeddable":true,"href":"https:\/\/www.ibermusicas.org\/index.php\/wp-json\/wp\/v2\/media\/14333"}],"wp:attachment":[{"href":"https:\/\/www.ibermusicas.org\/index.php\/wp-json\/wp\/v2\/media?parent=14341"}],"wp:term":[{"taxonomy":"category","embeddable":true,"href":"https:\/\/www.ibermusicas.org\/index.php\/wp-json\/wp\/v2\/categories?post=14341"},{"taxonomy":"post_tag","embeddable":true,"href":"https:\/\/www.ibermusicas.org\/index.php\/wp-json\/wp\/v2\/tags?post=14341"}],"curies":[{"name":"wp","href":"https:\/\/api.w.org\/{rel}","templated":true}]}}