{"id":14403,"date":"2022-12-14T17:30:54","date_gmt":"2022-12-14T17:30:54","guid":{"rendered":"https:\/\/www.ibermusicas.org\/?p=14403"},"modified":"2022-12-29T19:27:05","modified_gmt":"2022-12-29T19:27:05","slug":"caminho-para-o-samba-el-disco-de-marcos-sacramento-en-sociedad-con-tiago-torres-da-silva-es-lanzado-en-portugal-y-esta-disponible-en-las-plataformas","status":"publish","type":"post","link":"https:\/\/www.ibermusicas.org\/index.php\/caminho-para-o-samba-el-disco-de-marcos-sacramento-en-sociedad-con-tiago-torres-da-silva-es-lanzado-en-portugal-y-esta-disponible-en-las-plataformas\/","title":{"rendered":"\u201cCaminho para o samba\u201d, el disco de Marcos Sacramento en sociedad con Tiago Torres da Silva es lanzado en Portugal y est\u00e1 disponible en las plataformas"},"content":{"rendered":"<p>En la \u00faltima d\u00e9cada, Marcos Sacramento y Tiago Torres da Silva han ido madurando su sociedad, que ya ha dado como resultado canciones grabadas por Sacramento, como \u201cDois rios\u201d y \u201cSamba sem amor\u201d, y canciones para otros int\u00e9rpretes, como Joana Amendoeira, quien grab\u00f3 \u201cAvesso do Destino\u201d.<\/p>\n<p>En \u201cCaminho para o samba\u201d \u2013 el disco m\u00e1s reciente de Sacramento \u2013 todas las canciones tienen letra de Tiago y m\u00fasica de Marcos. Aqu\u00ed, los dos autores celebran la sociedad que, m\u00e1s que luso-brasile\u00f1a, es una sociedad atl\u00e1ntica donde la lengua portuguesa adquiere diferentes acentos y utiliza diferentes vocabularios.<\/p>\n<p>Luiz Fl\u00e1vio Alcofra vino a darle el broche final a la sociedad: los arreglos, los acompa\u00f1amientos que hace, todo el lenguaje que, con su guitarra, cre\u00f3 alrededor de estas canciones, les dio la sofisticaci\u00f3n que ped\u00edan las melod\u00edas y las letras.<\/p>\n<p>El disco re\u00fane a algunos amigos que prestaron sus voces a la sociedad. Cuenta con la lujosa participaci\u00f3n de \u00c1urea Martins y la cantante de fado Joana Amendoeira. La canci\u00f3n principal, \u201cCaminho para o samba\u201d, resume bien la esencia de esta asociaci\u00f3n: una samba con un sentimiento de fado porque \u201cpara hacer una samba con belleza, necesitas un poco de tristeza\u201d. Y porque todo en una sociedad es un camino hacia el alma.<\/p>\n<p>&nbsp;<\/p>\n<p><a href=\"https:\/\/youtu.be\/e6BZvl9aDpo\">https:\/\/youtu.be\/e6BZvl9aDpo<\/a><\/p>\n","protected":false},"excerpt":{"rendered":"<p>En la \u00faltima d\u00e9cada, Marcos Sacramento y Tiago Torres da Silva han ido madurando su sociedad, que ya ha dado como resultado canciones grabadas por Sacramento, como \u201cDois rios\u201d y \u201cSamba sem amor\u201d, y canciones para otros int\u00e9rpretes, como Joana Amendoeira, quien grab\u00f3 \u201cAvesso do Destino\u201d. En \u201cCaminho para o samba\u201d \u2013 el disco m\u00e1s [&hellip;]<\/p>\n","protected":false},"author":1,"featured_media":14404,"comment_status":"closed","ping_status":"closed","sticky":false,"template":"","format":"standard","meta":{"_monsterinsights_skip_tracking":false,"_monsterinsights_sitenote_active":false,"_monsterinsights_sitenote_note":"","_monsterinsights_sitenote_category":0,"footnotes":""},"categories":[53],"tags":[],"class_list":["post-14403","post","type-post","status-publish","format-standard","has-post-thumbnail","hentry","category-noticias-generales"],"lang":"es","translations":{"es":14403,"pt":14407},"pll_sync_post":[],"post_mailing_queue_ids":[],"_links":{"self":[{"href":"https:\/\/www.ibermusicas.org\/index.php\/wp-json\/wp\/v2\/posts\/14403","targetHints":{"allow":["GET"]}}],"collection":[{"href":"https:\/\/www.ibermusicas.org\/index.php\/wp-json\/wp\/v2\/posts"}],"about":[{"href":"https:\/\/www.ibermusicas.org\/index.php\/wp-json\/wp\/v2\/types\/post"}],"author":[{"embeddable":true,"href":"https:\/\/www.ibermusicas.org\/index.php\/wp-json\/wp\/v2\/users\/1"}],"replies":[{"embeddable":true,"href":"https:\/\/www.ibermusicas.org\/index.php\/wp-json\/wp\/v2\/comments?post=14403"}],"version-history":[{"count":0,"href":"https:\/\/www.ibermusicas.org\/index.php\/wp-json\/wp\/v2\/posts\/14403\/revisions"}],"wp:featuredmedia":[{"embeddable":true,"href":"https:\/\/www.ibermusicas.org\/index.php\/wp-json\/wp\/v2\/media\/14404"}],"wp:attachment":[{"href":"https:\/\/www.ibermusicas.org\/index.php\/wp-json\/wp\/v2\/media?parent=14403"}],"wp:term":[{"taxonomy":"category","embeddable":true,"href":"https:\/\/www.ibermusicas.org\/index.php\/wp-json\/wp\/v2\/categories?post=14403"},{"taxonomy":"post_tag","embeddable":true,"href":"https:\/\/www.ibermusicas.org\/index.php\/wp-json\/wp\/v2\/tags?post=14403"}],"curies":[{"name":"wp","href":"https:\/\/api.w.org\/{rel}","templated":true}]}}