{"id":14508,"date":"2022-12-14T20:43:06","date_gmt":"2022-12-14T20:43:06","guid":{"rendered":"https:\/\/www.ibermusicas.org\/?p=14508"},"modified":"2022-12-29T19:36:08","modified_gmt":"2022-12-29T19:36:08","slug":"numen-cuarteto-de-cuerdas-apresenta-seu-novo-trabalho-matriz","status":"publish","type":"post","link":"https:\/\/www.ibermusicas.org\/index.php\/numen-cuarteto-de-cuerdas-apresenta-seu-novo-trabalho-matriz\/","title":{"rendered":"Numen Cuarteto de Cuerdas apresenta seu novo trabalho \u00abMatriz\u00bb"},"content":{"rendered":"<p>\u00abNumen &#8211; Cuarteto de Cuerdas\u00bb prop\u00f5e neste projeto um trabalho discogr\u00e1fico que re\u00fane o mundo instrumental e vocal para cobrir m\u00fasica ancorada na paisagem ibero-americana. Um fator decisivo nesta busca \u00e9 tornar vis\u00edvel o trabalho das mulheres artistas do territ\u00f3rio, questionar os temas abordados, mobilizar e articular tramas, sensa\u00e7\u00f5es e sentimentos que v\u00eam de suas obras, como escritos ou composi\u00e7\u00f5es.<\/p>\n<p>&nbsp;<\/p>\n<p>Suas letras t\u00eam sido capazes de capturar o terremoto social vivido pelas mulheres em nosso tempo e, em muitos casos, constituem uma rede de cria\u00e7\u00e3o coletiva. \u00c9 inten\u00e7\u00e3o de Numen refletir este olhar, agir e, atrav\u00e9s de um processo de cria\u00e7\u00e3o coletiva, dar nascimento a um novo registro.<\/p>\n<p>&nbsp;<\/p>\n<p>Neste \u00e1lbum os textos ganharam vida em vers\u00f5es cantadas por mulheres de diferentes latitudes contando hist\u00f3rias de mulheres (Mari Pol\u00e9, Eugenia Laur\u00eda, Nadia Szachniuk, Cristina Clara Marquez Andrade e Daniela Dalmasso), e sustentadas pela sonoridade particular do Quarteto de Cordas (dois violinos, viola e violoncelo). As vers\u00f5es uniram os pa\u00edses da Argentina e Portugal na caneta de composi\u00e7\u00e3o e arranjo de Ariel Rodr\u00edguez, atualmente sediado na cidade de Lisboa.<\/p>\n<p>&nbsp;<\/p>\n<p>Lan\u00e7amento: 30 de dezembro de 2022, 20h \u00e0s<\/p>\n<p><a href=\"https:\/\/www.youtube.com\/channel\/UCkI71KCFueFaFy5gKJjXEYg\">https:\/\/www.youtube.com\/channel\/UCkI71KCFueFaFy5gKJjXEYg<\/a><\/p>\n<p>&nbsp;<\/p>\n<p>&nbsp;<\/p>\n","protected":false},"excerpt":{"rendered":"<p>\u00abNumen &#8211; Cuarteto de Cuerdas\u00bb prop\u00f5e neste projeto um trabalho discogr\u00e1fico que re\u00fane o mundo instrumental e vocal para cobrir m\u00fasica ancorada na paisagem ibero-americana. Um fator decisivo nesta busca \u00e9 tornar vis\u00edvel o trabalho das mulheres artistas do territ\u00f3rio, questionar os temas abordados, mobilizar e articular tramas, sensa\u00e7\u00f5es e sentimentos que v\u00eam de suas [&hellip;]<\/p>\n","protected":false},"author":1,"featured_media":14506,"comment_status":"closed","ping_status":"closed","sticky":false,"template":"","format":"standard","meta":{"_monsterinsights_skip_tracking":false,"_monsterinsights_sitenote_active":false,"_monsterinsights_sitenote_note":"","_monsterinsights_sitenote_category":0,"footnotes":""},"categories":[218],"tags":[],"class_list":["post-14508","post","type-post","status-publish","format-standard","has-post-thumbnail","hentry","category-noticias-generales-pt"],"lang":"pt","translations":{"pt":14508,"es":14505},"pll_sync_post":[],"post_mailing_queue_ids":[],"_links":{"self":[{"href":"https:\/\/www.ibermusicas.org\/index.php\/wp-json\/wp\/v2\/posts\/14508","targetHints":{"allow":["GET"]}}],"collection":[{"href":"https:\/\/www.ibermusicas.org\/index.php\/wp-json\/wp\/v2\/posts"}],"about":[{"href":"https:\/\/www.ibermusicas.org\/index.php\/wp-json\/wp\/v2\/types\/post"}],"author":[{"embeddable":true,"href":"https:\/\/www.ibermusicas.org\/index.php\/wp-json\/wp\/v2\/users\/1"}],"replies":[{"embeddable":true,"href":"https:\/\/www.ibermusicas.org\/index.php\/wp-json\/wp\/v2\/comments?post=14508"}],"version-history":[{"count":0,"href":"https:\/\/www.ibermusicas.org\/index.php\/wp-json\/wp\/v2\/posts\/14508\/revisions"}],"wp:featuredmedia":[{"embeddable":true,"href":"https:\/\/www.ibermusicas.org\/index.php\/wp-json\/wp\/v2\/media\/14506"}],"wp:attachment":[{"href":"https:\/\/www.ibermusicas.org\/index.php\/wp-json\/wp\/v2\/media?parent=14508"}],"wp:term":[{"taxonomy":"category","embeddable":true,"href":"https:\/\/www.ibermusicas.org\/index.php\/wp-json\/wp\/v2\/categories?post=14508"},{"taxonomy":"post_tag","embeddable":true,"href":"https:\/\/www.ibermusicas.org\/index.php\/wp-json\/wp\/v2\/tags?post=14508"}],"curies":[{"name":"wp","href":"https:\/\/api.w.org\/{rel}","templated":true}]}}