{"id":14540,"date":"2022-12-22T02:15:31","date_gmt":"2022-12-22T02:15:31","guid":{"rendered":"https:\/\/www.ibermusicas.org\/?p=14540"},"modified":"2023-01-31T11:31:11","modified_gmt":"2023-01-31T11:31:11","slug":"se-anuncian-las-propuestas-ganadoras-del-premio-brasil-ibermusicas","status":"publish","type":"post","link":"https:\/\/www.ibermusicas.org\/index.php\/se-anuncian-las-propuestas-ganadoras-del-premio-brasil-ibermusicas\/","title":{"rendered":"Se anuncian las propuestas ganadoras del Premio Brasil Iberm\u00fasicas"},"content":{"rendered":"<p><span style=\"font-weight: 400;\">Este a\u00f1o, la representaci\u00f3n de Brasil en Iberm\u00fasicas se ha propuesto reconocer el m\u00e9rito de iniciativas o espacios que se vienen dedicando, a lo largo de los a\u00f1os, a la difusi\u00f3n de la m\u00fasica brasile\u00f1a en la regi\u00f3n iberoamericana.<\/span><\/p>\n<p><span style=\"font-weight: 400;\">De entre las 41 propuestas presentadas, el jurado integrado por Eulicia Estevez, Fabiano Carneiro y Gian Fabra, ha elegido las seis siguientes como ganadoras:<\/span><\/p>\n<p><b>Categor\u00eda A &#8211; <\/b><i><span style=\"font-weight: 400;\">Festivales de m\u00fasica: festivales, muestras y ciclos dedicados exclusivamente a la difusi\u00f3n de la m\u00fasica brasile\u00f1a o que reserven un espacio significativo para la m\u00fasica brasile\u00f1a en sus programaciones.<\/span><\/i><\/p>\n<ul>\n<li style=\"font-weight: 400;\" aria-level=\"1\"><span style=\"font-weight: 400;\">Barcelona Festival of Song de Espa\u00f1a<\/span><\/li>\n<\/ul>\n<p><b>Categor\u00eda B &#8211; <\/b><i><span style=\"font-weight: 400;\">Casas: casas de espect\u00e1culo, salas de conciertos, teatros, escenarios, \u00abmusic Venues\u00bb y centros culturales que realicen, de forma regular, shows, conciertos, talleres y actividades de difusi\u00f3n de la m\u00fasica brasile\u00f1a.<\/span><\/i><\/p>\n<ul>\n<li style=\"font-weight: 400;\" aria-level=\"1\"><span style=\"font-weight: 400;\">Sudaka Brasil de Argentina\u00a0\u00a0\u00a0\u00a0<\/span><\/li>\n<li style=\"font-weight: 400;\" aria-level=\"1\"><span style=\"font-weight: 400;\">Cartelera Terreiro 2023 de Chile\u00a0\u00a0\u00a0\u00a0<\/span><\/li>\n<li style=\"font-weight: 400;\" aria-level=\"1\"><span style=\"font-weight: 400;\">Volantin Bar, roda de choro, roda de samba, forr\u00f3 y capoeira de Chile\u00a0\u00a0\u00a0\u00a0<\/span><\/li>\n<li style=\"font-weight: 400;\" aria-level=\"1\"><span style=\"font-weight: 400;\">Samambaia de Portugal\u00a0\u00a0\u00a0\u00a0<\/span><\/li>\n<li style=\"font-weight: 400;\" aria-level=\"1\"><span style=\"font-weight: 400;\">Guayabos &#8211; A Casa da M\u00fasica Brasileira de Uruguay<\/span><\/li>\n<\/ul>\n<p><span style=\"font-weight: 400;\">Las propuestas fueron seleccionadas de acuerdo al m\u00e9rito del emprendimiento, el alcance de los logros, los resultados obtenidos y la continuidad .<\/span><\/p>\n<p><span style=\"font-weight: 400;\">Uno de los objetivos de este concurso ha sido el de realizar un mapeo de las diversas iniciativas que trabajan en torno a las m\u00fasicas brasile\u00f1as y a su difusi\u00f3n e investigaci\u00f3n en el territorio iberoamericano, m\u00e1s all\u00e1 de las fronteras de Brasil.<\/span><\/p>\n","protected":false},"excerpt":{"rendered":"<p>Este a\u00f1o, la representaci\u00f3n de Brasil en Iberm\u00fasicas se ha propuesto reconocer el m\u00e9rito de iniciativas o espacios que se vienen dedicando, a lo largo de los a\u00f1os, a la difusi\u00f3n de la m\u00fasica brasile\u00f1a en la regi\u00f3n iberoamericana. De entre las 41 propuestas presentadas, el jurado integrado por Eulicia Estevez, Fabiano Carneiro y Gian [&hellip;]<\/p>\n","protected":false},"author":1,"featured_media":14541,"comment_status":"closed","ping_status":"closed","sticky":false,"template":"","format":"standard","meta":{"_monsterinsights_skip_tracking":false,"_monsterinsights_sitenote_active":false,"_monsterinsights_sitenote_note":"","_monsterinsights_sitenote_category":0,"footnotes":""},"categories":[53],"tags":[],"class_list":["post-14540","post","type-post","status-publish","format-standard","has-post-thumbnail","hentry","category-noticias-generales"],"lang":"es","translations":{"es":14540,"pt":14544},"pll_sync_post":[],"post_mailing_queue_ids":[],"_links":{"self":[{"href":"https:\/\/www.ibermusicas.org\/index.php\/wp-json\/wp\/v2\/posts\/14540","targetHints":{"allow":["GET"]}}],"collection":[{"href":"https:\/\/www.ibermusicas.org\/index.php\/wp-json\/wp\/v2\/posts"}],"about":[{"href":"https:\/\/www.ibermusicas.org\/index.php\/wp-json\/wp\/v2\/types\/post"}],"author":[{"embeddable":true,"href":"https:\/\/www.ibermusicas.org\/index.php\/wp-json\/wp\/v2\/users\/1"}],"replies":[{"embeddable":true,"href":"https:\/\/www.ibermusicas.org\/index.php\/wp-json\/wp\/v2\/comments?post=14540"}],"version-history":[{"count":0,"href":"https:\/\/www.ibermusicas.org\/index.php\/wp-json\/wp\/v2\/posts\/14540\/revisions"}],"wp:featuredmedia":[{"embeddable":true,"href":"https:\/\/www.ibermusicas.org\/index.php\/wp-json\/wp\/v2\/media\/14541"}],"wp:attachment":[{"href":"https:\/\/www.ibermusicas.org\/index.php\/wp-json\/wp\/v2\/media?parent=14540"}],"wp:term":[{"taxonomy":"category","embeddable":true,"href":"https:\/\/www.ibermusicas.org\/index.php\/wp-json\/wp\/v2\/categories?post=14540"},{"taxonomy":"post_tag","embeddable":true,"href":"https:\/\/www.ibermusicas.org\/index.php\/wp-json\/wp\/v2\/tags?post=14540"}],"curies":[{"name":"wp","href":"https:\/\/api.w.org\/{rel}","templated":true}]}}