{"id":14570,"date":"2022-12-29T19:52:22","date_gmt":"2022-12-29T19:52:22","guid":{"rendered":"https:\/\/www.ibermusicas.org\/?p=14570"},"modified":"2022-12-29T19:52:22","modified_gmt":"2022-12-29T19:52:22","slug":"el-barcelona-festival-of-song-invita-a-los-interesados-en-participar-de-su-edicion-2023","status":"publish","type":"post","link":"https:\/\/www.ibermusicas.org\/index.php\/el-barcelona-festival-of-song-invita-a-los-interesados-en-participar-de-su-edicion-2023\/","title":{"rendered":"El Barcelona Festival of Song invita a los interesados en\u00a0 participar de su edici\u00f3n 2023"},"content":{"rendered":"<p>Barcelona Festival of Song es una de las seis iniciativas recientemente galardonadas por Iberm\u00fasicas con el premio especial Brasil Iberm\u00fasicas. El Barcelona Festival of Song tiene por objetivo preservar y promover la canci\u00f3n de c\u00e1mara brasile\u00f1a, sus compositores, poetas e int\u00e9rpretes.<\/p>\n<p>&nbsp;<\/p>\n<p>La presente invitaci\u00f3n se trata de una convocatoria destinada a cantantes l\u00edricos, pianistas acompa\u00f1antes, guitarristas, profesores de canto o music\u00f3logos que quieran aprender la historia e interpretaci\u00f3n del repertorio de canci\u00f3n art\u00edstica latinoamericana e ib\u00e9rica en espa\u00f1ol, catal\u00e1n y portugu\u00e9s.<\/p>\n<p>&nbsp;<\/p>\n<p>Hasta el 9 enero de 2023 en barcelonafestivalofsong.com<\/p>\n","protected":false},"excerpt":{"rendered":"<p>Barcelona Festival of Song es una de las seis iniciativas recientemente galardonadas por Iberm\u00fasicas con el premio especial Brasil Iberm\u00fasicas. El Barcelona Festival of Song tiene por objetivo preservar y promover la canci\u00f3n de c\u00e1mara brasile\u00f1a, sus compositores, poetas e int\u00e9rpretes. &nbsp; La presente invitaci\u00f3n se trata de una convocatoria destinada a cantantes l\u00edricos, pianistas [&hellip;]<\/p>\n","protected":false},"author":1,"featured_media":14571,"comment_status":"closed","ping_status":"closed","sticky":false,"template":"","format":"standard","meta":{"_monsterinsights_skip_tracking":false,"_monsterinsights_sitenote_active":false,"_monsterinsights_sitenote_note":"","_monsterinsights_sitenote_category":0,"footnotes":""},"categories":[53],"tags":[],"class_list":["post-14570","post","type-post","status-publish","format-standard","has-post-thumbnail","hentry","category-noticias-generales"],"lang":"es","translations":{"es":14570,"pt":14573},"pll_sync_post":[],"post_mailing_queue_ids":[],"_links":{"self":[{"href":"https:\/\/www.ibermusicas.org\/index.php\/wp-json\/wp\/v2\/posts\/14570","targetHints":{"allow":["GET"]}}],"collection":[{"href":"https:\/\/www.ibermusicas.org\/index.php\/wp-json\/wp\/v2\/posts"}],"about":[{"href":"https:\/\/www.ibermusicas.org\/index.php\/wp-json\/wp\/v2\/types\/post"}],"author":[{"embeddable":true,"href":"https:\/\/www.ibermusicas.org\/index.php\/wp-json\/wp\/v2\/users\/1"}],"replies":[{"embeddable":true,"href":"https:\/\/www.ibermusicas.org\/index.php\/wp-json\/wp\/v2\/comments?post=14570"}],"version-history":[{"count":0,"href":"https:\/\/www.ibermusicas.org\/index.php\/wp-json\/wp\/v2\/posts\/14570\/revisions"}],"wp:featuredmedia":[{"embeddable":true,"href":"https:\/\/www.ibermusicas.org\/index.php\/wp-json\/wp\/v2\/media\/14571"}],"wp:attachment":[{"href":"https:\/\/www.ibermusicas.org\/index.php\/wp-json\/wp\/v2\/media?parent=14570"}],"wp:term":[{"taxonomy":"category","embeddable":true,"href":"https:\/\/www.ibermusicas.org\/index.php\/wp-json\/wp\/v2\/categories?post=14570"},{"taxonomy":"post_tag","embeddable":true,"href":"https:\/\/www.ibermusicas.org\/index.php\/wp-json\/wp\/v2\/tags?post=14570"}],"curies":[{"name":"wp","href":"https:\/\/api.w.org\/{rel}","templated":true}]}}