{"id":14584,"date":"2022-12-29T20:09:03","date_gmt":"2022-12-29T20:09:03","guid":{"rendered":"https:\/\/www.ibermusicas.org\/?p=14584"},"modified":"2022-12-29T20:09:03","modified_gmt":"2022-12-29T20:09:03","slug":"hatajo-som-continua-a-apresentar-o-resultado-de-seu-trabalho-que-cruza-a-musica-brasileira-e-peruana","status":"publish","type":"post","link":"https:\/\/www.ibermusicas.org\/index.php\/hatajo-som-continua-a-apresentar-o-resultado-de-seu-trabalho-que-cruza-a-musica-brasileira-e-peruana\/","title":{"rendered":"Hatajo Som continua a apresentar o resultado de seu trabalho que cruza a m\u00fasica brasileira e peruana"},"content":{"rendered":"<p>O projeto Hatajo Som \u00e9 o resultado da experi\u00eancia musical, desde 2016, dos m\u00fasicos Camilo Ballumbrosio, peruano, pertencente a uma das principais fam\u00edlias da cultura afro-peruana, e Felipe Mendon\u00e7a, m\u00fasico e produtor musical brasileiro radicado no Peru desde 2014. Este projeto visa criar o primeiro \u00e1lbum de Hatajo Som, composto de 6 composi\u00e7\u00f5es originais e 2 remixes.<\/p>\n<p>&nbsp;<\/p>\n<p>A proposta \u00e9 unir as culturas musicais pertencentes aos dois protagonistas, juntando o Festejo peruano com o Tamborz\u00e3o carioca, proporcionando algo novo onde estes dois pilares dialogam de forma respeitosa e espont\u00e2nea, reunindo a programa\u00e7\u00e3o eletr\u00f4nica com performances musicais org\u00e2nicas. As 6 composi\u00e7\u00f5es do \u00e1lbum foram criadas e produzidas por Camilo Ballumbrosio e Felipe Mendon\u00e7a. Convidados especiais: o cantor brasileiro de Hip-Hop Thiago El Ni\u00f1o e a cantora crioula peruana Rosa Guzm\u00e1n, colaborando em uma composi\u00e7\u00e3o, com a participa\u00e7\u00e3o dos produtores musicais Maga Bo (Brasil, Kaxambu Records) e Felipe Salm\u00f3n (Per\u00fa, Dengue Dengue Dengue), fazendo os remixes.<\/p>\n<p>&nbsp;<\/p>\n<p>&nbsp;<\/p>\n<p>29 de dezembro de 2022: lan\u00e7amento musical \u00abHatajo Som\u00bb.<\/p>\n<p>6 de janeiro de 2023: lan\u00e7amento musical \u00abDelantero\u00bb (com Rosa Guzm\u00e1n e Thiago Elni\u00f1o)<\/p>\n<p>15 de janeiro de 2023: lan\u00e7amento do \u00e1lbum \u00abHatajo Som\u00bb.<\/p>\n<p>&nbsp;<\/p>\n<p>&nbsp;<\/p>\n<p>&nbsp;<\/p>\n<p><a href=\"https:\/\/www.instagram.com\/camiloballumbrosio\/\">https:\/\/www.instagram.com\/camiloballumbrosio\/<\/a><\/p>\n<p><a href=\"https:\/\/www.instagram.com\/fm_sistema_de_som\/\">https:\/\/www.instagram.com\/fm_sistema_de_som\/<\/a><\/p>\n","protected":false},"excerpt":{"rendered":"<p>O projeto Hatajo Som \u00e9 o resultado da experi\u00eancia musical, desde 2016, dos m\u00fasicos Camilo Ballumbrosio, peruano, pertencente a uma das principais fam\u00edlias da cultura afro-peruana, e Felipe Mendon\u00e7a, m\u00fasico e produtor musical brasileiro radicado no Peru desde 2014. Este projeto visa criar o primeiro \u00e1lbum de Hatajo Som, composto de 6 composi\u00e7\u00f5es originais e [&hellip;]<\/p>\n","protected":false},"author":1,"featured_media":14582,"comment_status":"closed","ping_status":"closed","sticky":false,"template":"","format":"standard","meta":{"_monsterinsights_skip_tracking":false,"_monsterinsights_sitenote_active":false,"_monsterinsights_sitenote_note":"","_monsterinsights_sitenote_category":0,"footnotes":""},"categories":[218],"tags":[],"class_list":["post-14584","post","type-post","status-publish","format-standard","has-post-thumbnail","hentry","category-noticias-generales-pt"],"lang":"pt","translations":{"pt":14584,"es":14581},"pll_sync_post":[],"post_mailing_queue_ids":[],"_links":{"self":[{"href":"https:\/\/www.ibermusicas.org\/index.php\/wp-json\/wp\/v2\/posts\/14584","targetHints":{"allow":["GET"]}}],"collection":[{"href":"https:\/\/www.ibermusicas.org\/index.php\/wp-json\/wp\/v2\/posts"}],"about":[{"href":"https:\/\/www.ibermusicas.org\/index.php\/wp-json\/wp\/v2\/types\/post"}],"author":[{"embeddable":true,"href":"https:\/\/www.ibermusicas.org\/index.php\/wp-json\/wp\/v2\/users\/1"}],"replies":[{"embeddable":true,"href":"https:\/\/www.ibermusicas.org\/index.php\/wp-json\/wp\/v2\/comments?post=14584"}],"version-history":[{"count":0,"href":"https:\/\/www.ibermusicas.org\/index.php\/wp-json\/wp\/v2\/posts\/14584\/revisions"}],"wp:featuredmedia":[{"embeddable":true,"href":"https:\/\/www.ibermusicas.org\/index.php\/wp-json\/wp\/v2\/media\/14582"}],"wp:attachment":[{"href":"https:\/\/www.ibermusicas.org\/index.php\/wp-json\/wp\/v2\/media?parent=14584"}],"wp:term":[{"taxonomy":"category","embeddable":true,"href":"https:\/\/www.ibermusicas.org\/index.php\/wp-json\/wp\/v2\/categories?post=14584"},{"taxonomy":"post_tag","embeddable":true,"href":"https:\/\/www.ibermusicas.org\/index.php\/wp-json\/wp\/v2\/tags?post=14584"}],"curies":[{"name":"wp","href":"https:\/\/api.w.org\/{rel}","templated":true}]}}