{"id":14594,"date":"2022-12-29T20:28:26","date_gmt":"2022-12-29T20:28:26","guid":{"rendered":"https:\/\/www.ibermusicas.org\/?p=14594"},"modified":"2023-01-31T11:33:58","modified_gmt":"2023-01-31T11:33:58","slug":"trashumancias-reune-tres-ensambles-latino-americanos-para-um-concerto-virtual-e-um-laboratorio-de-criacao-com-inteligencia-artificial-aplicada-a-musica-contemporanea","status":"publish","type":"post","link":"https:\/\/www.ibermusicas.org\/index.php\/trashumancias-reune-tres-ensambles-latino-americanos-para-um-concerto-virtual-e-um-laboratorio-de-criacao-com-inteligencia-artificial-aplicada-a-musica-contemporanea\/","title":{"rendered":"Trashumancias re\u00fane tr\u00eas ensambles latino-americanos para um concerto virtual e um laborat\u00f3rio de cria\u00e7\u00e3o com intelig\u00eancia artificial aplicada \u00e0 m\u00fasica contempor\u00e2nea"},"content":{"rendered":"<p>O projeto visa colaborar, construir pontes de di\u00e1logo e gest\u00e3o internacional entre Col\u00f4mbia, Argentina, Chile e M\u00e9xico na produ\u00e7\u00e3o de c\u00e1psulas audiovisuais para a divulga\u00e7\u00e3o e estr\u00e9ia de m\u00fasica contempor\u00e2nea latino-americana.<\/p>\n<p>&nbsp;<\/p>\n<p>O Coletivo Colombiano de Compositores e Criadores C4 (da Col\u00f4mbia) e o conjunto GEAM (da Argentina) juntamente com o ensamble BorTex (da Col\u00f4mbia) decidiram unir projetos com o objetivo de comissionar 6 obras a compositores latino-americanos em torno da rela\u00e7\u00e3o entre a M\u00e1quina \/ Humano e o uso da Intelig\u00eancia Artificial na m\u00fasica contempor\u00e2nea.<\/p>\n<p>&nbsp;<\/p>\n<p>Os trabalhos para ensamble pierrot com eletr\u00f4nica ser\u00e3o apresentados no \u00e2mbito do Festival Expresiones Contempor\u00e1neas de M\u00e9xico em paralelo ao lan\u00e7amento oficial da plataforma virtual do coletivo colombiano C4.<\/p>\n<p>&nbsp;<\/p>\n<p><a href=\"https:\/\/www.youtube.com\/channel\/UCF0Nqi1p-4AD5g2EI-lVZgg\">https:\/\/www.youtube.com\/channel\/UCF0Nqi1p-4AD5g2EI-lVZgg<\/a><\/p>\n<p><a href=\"https:\/\/www.instagram.com\/colectivocompositoresc4\/\">https:\/\/www.instagram.com\/colectivocompositoresc4\/<\/a><\/p>\n<p>&nbsp;<\/p>\n","protected":false},"excerpt":{"rendered":"<p>O projeto visa colaborar, construir pontes de di\u00e1logo e gest\u00e3o internacional entre Col\u00f4mbia, Argentina, Chile e M\u00e9xico na produ\u00e7\u00e3o de c\u00e1psulas audiovisuais para a divulga\u00e7\u00e3o e estr\u00e9ia de m\u00fasica contempor\u00e2nea latino-americana. &nbsp; O Coletivo Colombiano de Compositores e Criadores C4 (da Col\u00f4mbia) e o conjunto GEAM (da Argentina) juntamente com o ensamble BorTex (da Col\u00f4mbia) [&hellip;]<\/p>\n","protected":false},"author":1,"featured_media":14592,"comment_status":"closed","ping_status":"closed","sticky":false,"template":"","format":"standard","meta":{"_monsterinsights_skip_tracking":false,"_monsterinsights_sitenote_active":false,"_monsterinsights_sitenote_note":"","_monsterinsights_sitenote_category":0,"footnotes":""},"categories":[218],"tags":[],"class_list":["post-14594","post","type-post","status-publish","format-standard","has-post-thumbnail","hentry","category-noticias-generales-pt"],"lang":"pt","translations":{"pt":14594,"es":14591},"pll_sync_post":[],"post_mailing_queue_ids":[],"_links":{"self":[{"href":"https:\/\/www.ibermusicas.org\/index.php\/wp-json\/wp\/v2\/posts\/14594","targetHints":{"allow":["GET"]}}],"collection":[{"href":"https:\/\/www.ibermusicas.org\/index.php\/wp-json\/wp\/v2\/posts"}],"about":[{"href":"https:\/\/www.ibermusicas.org\/index.php\/wp-json\/wp\/v2\/types\/post"}],"author":[{"embeddable":true,"href":"https:\/\/www.ibermusicas.org\/index.php\/wp-json\/wp\/v2\/users\/1"}],"replies":[{"embeddable":true,"href":"https:\/\/www.ibermusicas.org\/index.php\/wp-json\/wp\/v2\/comments?post=14594"}],"version-history":[{"count":0,"href":"https:\/\/www.ibermusicas.org\/index.php\/wp-json\/wp\/v2\/posts\/14594\/revisions"}],"wp:featuredmedia":[{"embeddable":true,"href":"https:\/\/www.ibermusicas.org\/index.php\/wp-json\/wp\/v2\/media\/14592"}],"wp:attachment":[{"href":"https:\/\/www.ibermusicas.org\/index.php\/wp-json\/wp\/v2\/media?parent=14594"}],"wp:term":[{"taxonomy":"category","embeddable":true,"href":"https:\/\/www.ibermusicas.org\/index.php\/wp-json\/wp\/v2\/categories?post=14594"},{"taxonomy":"post_tag","embeddable":true,"href":"https:\/\/www.ibermusicas.org\/index.php\/wp-json\/wp\/v2\/tags?post=14594"}],"curies":[{"name":"wp","href":"https:\/\/api.w.org\/{rel}","templated":true}]}}