{"id":14606,"date":"2022-12-29T21:52:26","date_gmt":"2022-12-29T21:52:26","guid":{"rendered":"https:\/\/www.ibermusicas.org\/?p=14606"},"modified":"2022-12-29T21:52:26","modified_gmt":"2022-12-29T21:52:26","slug":"a-artista-argentina-paula-maffia-retorna-a-montevideo-uruguay-para-realizar-tres-shows","status":"publish","type":"post","link":"https:\/\/www.ibermusicas.org\/index.php\/a-artista-argentina-paula-maffia-retorna-a-montevideo-uruguay-para-realizar-tres-shows\/","title":{"rendered":"A artista argentina Paula Maff\u00eda retorna a Montevideo, Uruguay, para realizar tr\u00eas shows"},"content":{"rendered":"<p>Paula Maff\u00eda retorna a Montevideo com tr\u00eas concertos nos quais percorrer\u00e1 sua carreira de mais de 20 anos na m\u00fasica. Esses shows fazem parte de um projeto de expans\u00e3o das fronteiras musicais e culturais, por meio do interc\u00e2mbio de m\u00fasicas, letras e poesias. Encontros com artistas uruguayos ser\u00e3o gravados para posteriormente criar pe\u00e7as de divulga\u00e7\u00e3o que tornem vis\u00edveis as colabora\u00e7\u00f5es e produ\u00e7\u00f5es conjuntas.<\/p>\n<p>&nbsp;<\/p>\n<p>Paula \u00e9 compositora, performer, cantora, poetisa, artista pl\u00e1stica, professora e pesquisadora. \u00c9 membro fundador da pequena orquestra de rock LA COSA MOSTRA e do conjunto feminino LAS TARADAS. Ele j\u00e1 visitou v\u00e1rias cidades na Am\u00e9rica do Sul e muitas na Europa. Ele tamb\u00e9m colaborou em can\u00e7\u00f5es de dezenas de artistas de seu pa\u00eds. Em 21 de novembro de 2019, ele apareceu no Luna Park abrindo o show de Patti Smith. Em abril de 2021, lan\u00e7ou seu primeiro livro Verso pela editorial Planeta, estreia que re\u00fane poemas e ilustra\u00e7\u00f5es.<\/p>\n<p>10 de janeiro: La Curanderia, Rom\u00e1n Guerra 638, Maldonado, Uruguay<\/p>\n<p>13 de janeiro: El Popu, Juan Pedro L\u00f3pez e Eguzquiza, La Barra, Maldonado, Uruguay<\/p>\n<p>20 de janeiro: A casa da Floresta, Rio de Janeiro entre Argentina e Peru, Punta Negra, Uruguay<\/p>\n","protected":false},"excerpt":{"rendered":"<p>Paula Maff\u00eda retorna a Montevideo com tr\u00eas concertos nos quais percorrer\u00e1 sua carreira de mais de 20 anos na m\u00fasica. Esses shows fazem parte de um projeto de expans\u00e3o das fronteiras musicais e culturais, por meio do interc\u00e2mbio de m\u00fasicas, letras e poesias. Encontros com artistas uruguayos ser\u00e3o gravados para posteriormente criar pe\u00e7as de divulga\u00e7\u00e3o [&hellip;]<\/p>\n","protected":false},"author":1,"featured_media":14602,"comment_status":"closed","ping_status":"closed","sticky":false,"template":"","format":"standard","meta":{"_monsterinsights_skip_tracking":false,"_monsterinsights_sitenote_active":false,"_monsterinsights_sitenote_note":"","_monsterinsights_sitenote_category":0,"footnotes":""},"categories":[218],"tags":[],"class_list":["post-14606","post","type-post","status-publish","format-standard","has-post-thumbnail","hentry","category-noticias-generales-pt"],"lang":"pt","translations":{"pt":14606,"es":14603},"pll_sync_post":[],"post_mailing_queue_ids":[],"_links":{"self":[{"href":"https:\/\/www.ibermusicas.org\/index.php\/wp-json\/wp\/v2\/posts\/14606","targetHints":{"allow":["GET"]}}],"collection":[{"href":"https:\/\/www.ibermusicas.org\/index.php\/wp-json\/wp\/v2\/posts"}],"about":[{"href":"https:\/\/www.ibermusicas.org\/index.php\/wp-json\/wp\/v2\/types\/post"}],"author":[{"embeddable":true,"href":"https:\/\/www.ibermusicas.org\/index.php\/wp-json\/wp\/v2\/users\/1"}],"replies":[{"embeddable":true,"href":"https:\/\/www.ibermusicas.org\/index.php\/wp-json\/wp\/v2\/comments?post=14606"}],"version-history":[{"count":0,"href":"https:\/\/www.ibermusicas.org\/index.php\/wp-json\/wp\/v2\/posts\/14606\/revisions"}],"wp:featuredmedia":[{"embeddable":true,"href":"https:\/\/www.ibermusicas.org\/index.php\/wp-json\/wp\/v2\/media\/14602"}],"wp:attachment":[{"href":"https:\/\/www.ibermusicas.org\/index.php\/wp-json\/wp\/v2\/media?parent=14606"}],"wp:term":[{"taxonomy":"category","embeddable":true,"href":"https:\/\/www.ibermusicas.org\/index.php\/wp-json\/wp\/v2\/categories?post=14606"},{"taxonomy":"post_tag","embeddable":true,"href":"https:\/\/www.ibermusicas.org\/index.php\/wp-json\/wp\/v2\/tags?post=14606"}],"curies":[{"name":"wp","href":"https:\/\/api.w.org\/{rel}","templated":true}]}}