{"id":14623,"date":"2022-12-30T21:40:52","date_gmt":"2022-12-30T21:40:52","guid":{"rendered":"https:\/\/www.ibermusicas.org\/?p=14623"},"modified":"2022-12-30T21:40:52","modified_gmt":"2022-12-30T21:40:52","slug":"la-agrupacion-la-boa-de-colombia-esta-estrenando-su-nuevo-material-titulado-la-bestia","status":"publish","type":"post","link":"https:\/\/www.ibermusicas.org\/index.php\/la-agrupacion-la-boa-de-colombia-esta-estrenando-su-nuevo-material-titulado-la-bestia\/","title":{"rendered":"La agrupaci\u00f3n La BOA de Colombia est\u00e1 estrenando su nuevo material, titulado \u00abLa Bestia\u00bb"},"content":{"rendered":"<p dir=\"ltr\">La BOA est\u00e1 estrenando su cuarto disco en estudio. La agrupaci\u00f3n colombiana, capaz de prenderle fuego a la pista de baile, se sumerge nuevamente en la exploraci\u00f3n de los sonidos del gran Caribe, en las bandas Haitianas de las d\u00e9cadas de 1970 y 1980 y los sonidos que emanan de las costas de Colombia.<\/p>\n<p>&nbsp;<\/p>\n<p dir=\"ltr\">En La Bestia, los integrantes de la BOA se inspiraron en la di\u00e1spora latinoamericana y tambi\u00e9n en los movimientos sociales y en las coyunturas que han marcado la realidad del continente en el tiempo reciente.<\/p>\n<p>&nbsp;<\/p>\n<p dir=\"ltr\">Viernes 27 de enero<\/p>\n","protected":false},"excerpt":{"rendered":"<p>La BOA est\u00e1 estrenando su cuarto disco en estudio. La agrupaci\u00f3n colombiana, capaz de prenderle fuego a la pista de baile, se sumerge nuevamente en la exploraci\u00f3n de los sonidos del gran Caribe, en las bandas Haitianas de las d\u00e9cadas de 1970 y 1980 y los sonidos que emanan de las costas de Colombia. &nbsp; [&hellip;]<\/p>\n","protected":false},"author":1,"featured_media":14625,"comment_status":"closed","ping_status":"closed","sticky":false,"template":"","format":"standard","meta":{"_monsterinsights_skip_tracking":false,"_monsterinsights_sitenote_active":false,"_monsterinsights_sitenote_note":"","_monsterinsights_sitenote_category":0,"footnotes":""},"categories":[53],"tags":[],"class_list":["post-14623","post","type-post","status-publish","format-standard","has-post-thumbnail","hentry","category-noticias-generales"],"lang":"es","translations":{"es":14623,"pt":14627},"pll_sync_post":[],"post_mailing_queue_ids":[],"_links":{"self":[{"href":"https:\/\/www.ibermusicas.org\/index.php\/wp-json\/wp\/v2\/posts\/14623","targetHints":{"allow":["GET"]}}],"collection":[{"href":"https:\/\/www.ibermusicas.org\/index.php\/wp-json\/wp\/v2\/posts"}],"about":[{"href":"https:\/\/www.ibermusicas.org\/index.php\/wp-json\/wp\/v2\/types\/post"}],"author":[{"embeddable":true,"href":"https:\/\/www.ibermusicas.org\/index.php\/wp-json\/wp\/v2\/users\/1"}],"replies":[{"embeddable":true,"href":"https:\/\/www.ibermusicas.org\/index.php\/wp-json\/wp\/v2\/comments?post=14623"}],"version-history":[{"count":0,"href":"https:\/\/www.ibermusicas.org\/index.php\/wp-json\/wp\/v2\/posts\/14623\/revisions"}],"wp:featuredmedia":[{"embeddable":true,"href":"https:\/\/www.ibermusicas.org\/index.php\/wp-json\/wp\/v2\/media\/14625"}],"wp:attachment":[{"href":"https:\/\/www.ibermusicas.org\/index.php\/wp-json\/wp\/v2\/media?parent=14623"}],"wp:term":[{"taxonomy":"category","embeddable":true,"href":"https:\/\/www.ibermusicas.org\/index.php\/wp-json\/wp\/v2\/categories?post=14623"},{"taxonomy":"post_tag","embeddable":true,"href":"https:\/\/www.ibermusicas.org\/index.php\/wp-json\/wp\/v2\/tags?post=14623"}],"curies":[{"name":"wp","href":"https:\/\/api.w.org\/{rel}","templated":true}]}}