{"id":14731,"date":"2023-01-14T13:44:52","date_gmt":"2023-01-14T13:44:52","guid":{"rendered":"https:\/\/www.ibermusicas.org\/?p=14731"},"modified":"2023-01-31T11:32:10","modified_gmt":"2023-01-31T11:32:10","slug":"samambaia-la-casa-de-conciertos-de-lisboa-dedicada-a-las-musicas-de-brasil-anuncia-su-programacion-del-mes-de-enero","status":"publish","type":"post","link":"https:\/\/www.ibermusicas.org\/index.php\/samambaia-la-casa-de-conciertos-de-lisboa-dedicada-a-las-musicas-de-brasil-anuncia-su-programacion-del-mes-de-enero\/","title":{"rendered":"Samambaia, la casa de conciertos de Lisboa dedicada a las m\u00fasicas de Brasil, anuncia su programaci\u00f3n del mes de enero"},"content":{"rendered":"<p dir=\"ltr\">Samambaia ha sido una de las iniciativas ganadoras del Premio Brasil Iberm\u00fasicas 2022. La casa de espect\u00e1culos Samambaia lleva dos a\u00f1os funcionando en Gra\u00e7a, un barrio bohemio de Lisboa, y se ha convertido en un punto de referencia y resistencia para la m\u00fasica brasile\u00f1a en Portugal. Samambaia surgi\u00f3 como una rara oportunidad de dar un escenario a los artistas brasile\u00f1os que viven en Portugal y, ahora, a los que pasan por Lisboa en sus giras europeas. Un lugar querido por los m\u00fasicos -que lo adoptaron desde el principio, promoviendo jam sessions memorables- y tambi\u00e9n por el p\u00fablico, que lo eligi\u00f3 como el mejor bar del a\u00f1o en los \u00abLove Local Awards\u00bb, promovidos por la revista Time Out.<\/p>\n<p>&nbsp;<\/p>\n<p dir=\"ltr\">El concepto de Samambaia surgi\u00f3 de la percepci\u00f3n de las socias, Amanda Menezes y Andr\u00e9a Zamorano, de que Lisboa carec\u00eda de un lugar exclusivo para la m\u00fasica brasile\u00f1a alternativa y de calidad. Inaugurado en 2020, en plena pandemia, Samambaia naci\u00f3 con el prop\u00f3sito de dar escenario a artistas brasile\u00f1os, residentes en Portugal, a los que en aquel momento se les imped\u00eda viajar; as\u00ed como promover la cultura brasile\u00f1a m\u00e1s all\u00e1 de las fronteras.<\/p>\n<p>&nbsp;<\/p>\n<p dir=\"ltr\">Viernes 13 de enero, Domingos Gomes<\/p>\n<p dir=\"ltr\">S\u00e1bado 14 de enero, Karla Da Silva<\/p>\n<p dir=\"ltr\">Viernes 20 de enero, Wagner Barbosa<\/p>\n<p dir=\"ltr\">S\u00e1bado 21 de enero, Tributo a Gal<\/p>\n<p dir=\"ltr\">Jueves 26 de enero, Foggy<\/p>\n<p dir=\"ltr\">Viernes 27 de enero, Je\u00e3 de Assis<\/p>\n<p dir=\"ltr\">S\u00e1bado 28 de enero Madame no Samba<\/p>\n","protected":false},"excerpt":{"rendered":"<p>Samambaia ha sido una de las iniciativas ganadoras del Premio Brasil Iberm\u00fasicas 2022. La casa de espect\u00e1culos Samambaia lleva dos a\u00f1os funcionando en Gra\u00e7a, un barrio bohemio de Lisboa, y se ha convertido en un punto de referencia y resistencia para la m\u00fasica brasile\u00f1a en Portugal. Samambaia surgi\u00f3 como una rara oportunidad de dar un [&hellip;]<\/p>\n","protected":false},"author":1,"featured_media":14732,"comment_status":"closed","ping_status":"closed","sticky":false,"template":"","format":"standard","meta":{"_monsterinsights_skip_tracking":false,"_monsterinsights_sitenote_active":false,"_monsterinsights_sitenote_note":"","_monsterinsights_sitenote_category":0,"footnotes":""},"categories":[53],"tags":[],"class_list":["post-14731","post","type-post","status-publish","format-standard","has-post-thumbnail","hentry","category-noticias-generales"],"lang":"es","translations":{"es":14731,"pt":14734},"pll_sync_post":[],"post_mailing_queue_ids":[],"_links":{"self":[{"href":"https:\/\/www.ibermusicas.org\/index.php\/wp-json\/wp\/v2\/posts\/14731","targetHints":{"allow":["GET"]}}],"collection":[{"href":"https:\/\/www.ibermusicas.org\/index.php\/wp-json\/wp\/v2\/posts"}],"about":[{"href":"https:\/\/www.ibermusicas.org\/index.php\/wp-json\/wp\/v2\/types\/post"}],"author":[{"embeddable":true,"href":"https:\/\/www.ibermusicas.org\/index.php\/wp-json\/wp\/v2\/users\/1"}],"replies":[{"embeddable":true,"href":"https:\/\/www.ibermusicas.org\/index.php\/wp-json\/wp\/v2\/comments?post=14731"}],"version-history":[{"count":0,"href":"https:\/\/www.ibermusicas.org\/index.php\/wp-json\/wp\/v2\/posts\/14731\/revisions"}],"wp:featuredmedia":[{"embeddable":true,"href":"https:\/\/www.ibermusicas.org\/index.php\/wp-json\/wp\/v2\/media\/14732"}],"wp:attachment":[{"href":"https:\/\/www.ibermusicas.org\/index.php\/wp-json\/wp\/v2\/media?parent=14731"}],"wp:term":[{"taxonomy":"category","embeddable":true,"href":"https:\/\/www.ibermusicas.org\/index.php\/wp-json\/wp\/v2\/categories?post=14731"},{"taxonomy":"post_tag","embeddable":true,"href":"https:\/\/www.ibermusicas.org\/index.php\/wp-json\/wp\/v2\/tags?post=14731"}],"curies":[{"name":"wp","href":"https:\/\/api.w.org\/{rel}","templated":true}]}}