{"id":14840,"date":"2023-01-31T12:37:58","date_gmt":"2023-01-31T12:37:58","guid":{"rendered":"https:\/\/www.ibermusicas.org\/?p=14840"},"modified":"2023-02-27T19:00:07","modified_gmt":"2023-02-27T19:00:07","slug":"anunciamos-la-convocatoria-al-premio-francisco-mario-de-guitarra-popular-2","status":"publish","type":"post","link":"https:\/\/www.ibermusicas.org\/index.php\/anunciamos-la-convocatoria-al-premio-francisco-mario-de-guitarra-popular-2\/","title":{"rendered":"Anunciamos la convocatoria al Premio Francisco M\u00e1rio de Guitarra Popular"},"content":{"rendered":"<p>El Premio Chico M\u00e1rio de Guitarra Popular, uno de los mayores galardones brasile\u00f1os dedicados al instrumento tendr\u00e1 dos ediciones de alcance mundial. Un premio para las Am\u00e9ricas en marzo 2023 y uno para Europa en agosto de 2023.<\/p>\n<p>&nbsp;<\/p>\n<p>El premio de Guitarra Popular Francisco M\u00e1rio celebra la vida y la obra del compositor Chico M\u00e1rio (Minas Gerais, Brasil), exponente de la m\u00fasica instrumental brasile\u00f1a y pionero en la producci\u00f3n discogr\u00e1fica independiente.<\/p>\n<p>&nbsp;<\/p>\n<p>Francisco M\u00e1rio fue uno de los pioneros de la grabaci\u00f3n independiente en Brasil junto a Antonio Adolfo, y posiblemente el primero en utilizar la herramienta de crowdfunding en el pa\u00eds, en 1980, para producir su segundo \u00e1lbum \u00abRevolta dos Palha\u00e7os\u00bb. Respetado guitarrista de Minas Gerais, Brasil, dej\u00f3 casi 90 obras, 8 discos y 3 libros en su corta vida. Hermano del dibujante Henfil y del soci\u00f3logo Betinho, Chico M\u00e1rio, como se le conoc\u00eda cari\u00f1osamente, muri\u00f3 el 14 de marzo de 1988, a los 39 a\u00f1os.<\/p>\n<p>&nbsp;<\/p>\n<p>Para difundir su importante obra guitarr\u00edstica, fomentar la cultura brasile\u00f1a, estimular la creaci\u00f3n independiente y valorizar el instrumento m\u00e1s popular de Brasil, la guitarra, ser\u00e1n premiadas las mejores interpretaciones de las canciones de Chico M\u00e1rio. Se otorgar\u00e1n premios en dinero y en trofeos dise\u00f1ados por el artista Mauricio Manzo, en una acci\u00f3n del Instituto Cultural Chico M\u00e1rio en colaboraci\u00f3n con el Instituto Guimar\u00e3es Rosa y el Ministerio de Asuntos Exteriores de Brasil.<\/p>\n<p>&nbsp;<\/p>\n<p>Para la selecci\u00f3n, cada m\u00fasico deber\u00e1 inscribirse en el formulario online entre el 20 de enero y el 16 de febrero de 2023<\/p>\n<p><a href=\"https:\/\/docs.google.com\/forms\/d\/e\/1FAIpQLSdb0m7RYD4yhZRxC6Befb5r9PofYQeOKpBLRjDKcFm7p7PbMQ\/viewform\">https:\/\/docs.google.com\/forms\/d\/e\/1FAIpQLSdb0m7RYD4yhZRxC6Befb5r9PofYQeOKpBLRjDKcFm7p7PbMQ\/viewform<\/a><\/p>\n<p>&nbsp;<\/p>\n<p>M\u00e1s informaci\u00f3n en: <a href=\"https:\/\/www.institutochicomario.org.br\/es\/premio-francisco-mario-de-guitarra-acustica\/\">https:\/\/www.institutochicomario.org.br\/es\/premio-francisco-mario-de-guitarra-acustica\/<\/a><\/p>\n","protected":false},"excerpt":{"rendered":"<p>El Premio Chico M\u00e1rio de Guitarra Popular, uno de los mayores galardones brasile\u00f1os dedicados al instrumento tendr\u00e1 dos ediciones de alcance mundial. Un premio para las Am\u00e9ricas en marzo 2023 y uno para Europa en agosto de 2023. &nbsp; El premio de Guitarra Popular Francisco M\u00e1rio celebra la vida y la obra del compositor Chico [&hellip;]<\/p>\n","protected":false},"author":1,"featured_media":14841,"comment_status":"closed","ping_status":"closed","sticky":false,"template":"","format":"standard","meta":{"_monsterinsights_skip_tracking":false,"_monsterinsights_sitenote_active":false,"_monsterinsights_sitenote_note":"","_monsterinsights_sitenote_category":0,"footnotes":""},"categories":[53],"tags":[],"class_list":["post-14840","post","type-post","status-publish","format-standard","has-post-thumbnail","hentry","category-noticias-generales"],"lang":"es","translations":{"es":14840,"pt":14843},"pll_sync_post":[],"post_mailing_queue_ids":[],"_links":{"self":[{"href":"https:\/\/www.ibermusicas.org\/index.php\/wp-json\/wp\/v2\/posts\/14840","targetHints":{"allow":["GET"]}}],"collection":[{"href":"https:\/\/www.ibermusicas.org\/index.php\/wp-json\/wp\/v2\/posts"}],"about":[{"href":"https:\/\/www.ibermusicas.org\/index.php\/wp-json\/wp\/v2\/types\/post"}],"author":[{"embeddable":true,"href":"https:\/\/www.ibermusicas.org\/index.php\/wp-json\/wp\/v2\/users\/1"}],"replies":[{"embeddable":true,"href":"https:\/\/www.ibermusicas.org\/index.php\/wp-json\/wp\/v2\/comments?post=14840"}],"version-history":[{"count":0,"href":"https:\/\/www.ibermusicas.org\/index.php\/wp-json\/wp\/v2\/posts\/14840\/revisions"}],"wp:featuredmedia":[{"embeddable":true,"href":"https:\/\/www.ibermusicas.org\/index.php\/wp-json\/wp\/v2\/media\/14841"}],"wp:attachment":[{"href":"https:\/\/www.ibermusicas.org\/index.php\/wp-json\/wp\/v2\/media?parent=14840"}],"wp:term":[{"taxonomy":"category","embeddable":true,"href":"https:\/\/www.ibermusicas.org\/index.php\/wp-json\/wp\/v2\/categories?post=14840"},{"taxonomy":"post_tag","embeddable":true,"href":"https:\/\/www.ibermusicas.org\/index.php\/wp-json\/wp\/v2\/tags?post=14840"}],"curies":[{"name":"wp","href":"https:\/\/api.w.org\/{rel}","templated":true}]}}