{"id":14843,"date":"2023-01-31T12:39:49","date_gmt":"2023-01-31T12:39:49","guid":{"rendered":"https:\/\/www.ibermusicas.org\/?p=14843"},"modified":"2023-02-27T19:03:08","modified_gmt":"2023-02-27T19:03:08","slug":"anunciamos-a-chamada-para-o-premio-francisco-mario-de-violao-popular-2","status":"publish","type":"post","link":"https:\/\/www.ibermusicas.org\/index.php\/anunciamos-a-chamada-para-o-premio-francisco-mario-de-violao-popular-2\/","title":{"rendered":"Anunciamos a chamada para o Pr\u00eamio Francisco M\u00e1rio de Viol\u00e3o Popular"},"content":{"rendered":"<p>O Pr\u00eamio Chico M\u00e1rio de Viol\u00e3o Popular, uma das maiores premia\u00e7\u00f5es brasileiras dedicadas ao instrumento, ter\u00e1 duas edi\u00e7\u00f5es mundiais. Um pr\u00eamio para as Am\u00e9ricas em mar\u00e7o de 2023 e outro para a Europa em agosto de 2023.<\/p>\n<p>&nbsp;<\/p>\n<p>O Pr\u00eamio Francisco M\u00e1rio de Viol\u00e3o Popular celebra a vida e a obra do compositor Chico M\u00e1rio (Minas Gerais, Brasil), expoente da m\u00fasica instrumental brasileira e pioneiro do disco independente.<\/p>\n<p>&nbsp;<\/p>\n<p>Francisco M\u00e1rio foi um dos pioneiros da grava\u00e7\u00e3o independente no Brasil junto com Antonio Adolfo, e possivelmente o primeiro a utilizar a ferramenta de crowdfunding no pa\u00eds, em 1980, para produzir seu segundo \u00e1lbum \u00abRevolta dos Palha\u00e7os\u00bb. Respeitado guitarrista mineiro, deixou quase 90 obras, 8 discos e 3 livros em sua curta vida. Irm\u00e3o do cartunista Henfil e do soci\u00f3logo Betinho, Chico M\u00e1rio, como era carinhosamente conhecido, faleceu em 14 de mar\u00e7o de 1988, aos 39 anos.<\/p>\n<p>&nbsp;<\/p>\n<p>Com o objetivo de divulgar a importante obra do viol\u00e3o, promover a cultura brasileira, estimular a cria\u00e7\u00e3o independente e valorizar o instrumento mais popular do Brasil, o viol\u00e3o, as melhores interpreta\u00e7\u00f5es das can\u00e7\u00f5es de Chico M\u00e1rio ser\u00e3o premiadas. A premia\u00e7\u00e3o ser\u00e1 em dinheiro e trof\u00e9us idealizados pelo artista pl\u00e1stico Mauricio Manzo, em a\u00e7\u00e3o do Instituto Cultural Chico M\u00e1rio em colabora\u00e7\u00e3o com o Instituto Guimar\u00e3es Rosa e o Minist\u00e9rio das Rela\u00e7\u00f5es Exteriores do Brasil.<\/p>\n<p>&nbsp;<\/p>\n<p>Para a sele\u00e7\u00e3o, cada m\u00fasico deve se inscrever no formul\u00e1rio on-line entre 20 de janeiro e 16 de fevereiro de 2023<\/p>\n<p><a href=\"https:\/\/docs.google.com\/forms\/d\/e\/1FAIpQLSdb0m7RYD4yhZRxC6Befb5r9PofYQeOKpBLRjDKcFm7p7PbMQ\/viewform\">https:\/\/docs.google.com\/forms\/d\/e\/1FAIpQLSdb0m7RYD4yhZRxC6Befb5r9PofYQeOKpBLRjDKcFm7p7PbMQ\/viewform<\/a><\/p>\n<p>&nbsp;<\/p>\n<p>Para mais informa\u00e7\u00f5es, por favor, visite:<\/p>\n<p><a href=\"https:\/\/www.institutochicomario.org.br\/es\/premio-francisco-mario-de-guitarra-acustica\/\">https:\/\/www.institutochicomario.org.br\/es\/premio-francisco-mario-de-guitarra-acustica\/<\/a><\/p>\n<p>&nbsp;<\/p>\n","protected":false},"excerpt":{"rendered":"<p>O Pr\u00eamio Chico M\u00e1rio de Viol\u00e3o Popular, uma das maiores premia\u00e7\u00f5es brasileiras dedicadas ao instrumento, ter\u00e1 duas edi\u00e7\u00f5es mundiais. Um pr\u00eamio para as Am\u00e9ricas em mar\u00e7o de 2023 e outro para a Europa em agosto de 2023. &nbsp; O Pr\u00eamio Francisco M\u00e1rio de Viol\u00e3o Popular celebra a vida e a obra do compositor Chico M\u00e1rio [&hellip;]<\/p>\n","protected":false},"author":1,"featured_media":14841,"comment_status":"closed","ping_status":"closed","sticky":false,"template":"","format":"standard","meta":{"_monsterinsights_skip_tracking":false,"_monsterinsights_sitenote_active":false,"_monsterinsights_sitenote_note":"","_monsterinsights_sitenote_category":0,"footnotes":""},"categories":[218],"tags":[],"class_list":["post-14843","post","type-post","status-publish","format-standard","has-post-thumbnail","hentry","category-noticias-generales-pt"],"lang":"pt","translations":{"pt":14843,"es":14840},"pll_sync_post":[],"post_mailing_queue_ids":[],"_links":{"self":[{"href":"https:\/\/www.ibermusicas.org\/index.php\/wp-json\/wp\/v2\/posts\/14843","targetHints":{"allow":["GET"]}}],"collection":[{"href":"https:\/\/www.ibermusicas.org\/index.php\/wp-json\/wp\/v2\/posts"}],"about":[{"href":"https:\/\/www.ibermusicas.org\/index.php\/wp-json\/wp\/v2\/types\/post"}],"author":[{"embeddable":true,"href":"https:\/\/www.ibermusicas.org\/index.php\/wp-json\/wp\/v2\/users\/1"}],"replies":[{"embeddable":true,"href":"https:\/\/www.ibermusicas.org\/index.php\/wp-json\/wp\/v2\/comments?post=14843"}],"version-history":[{"count":0,"href":"https:\/\/www.ibermusicas.org\/index.php\/wp-json\/wp\/v2\/posts\/14843\/revisions"}],"wp:featuredmedia":[{"embeddable":true,"href":"https:\/\/www.ibermusicas.org\/index.php\/wp-json\/wp\/v2\/media\/14841"}],"wp:attachment":[{"href":"https:\/\/www.ibermusicas.org\/index.php\/wp-json\/wp\/v2\/media?parent=14843"}],"wp:term":[{"taxonomy":"category","embeddable":true,"href":"https:\/\/www.ibermusicas.org\/index.php\/wp-json\/wp\/v2\/categories?post=14843"},{"taxonomy":"post_tag","embeddable":true,"href":"https:\/\/www.ibermusicas.org\/index.php\/wp-json\/wp\/v2\/tags?post=14843"}],"curies":[{"name":"wp","href":"https:\/\/api.w.org\/{rel}","templated":true}]}}