{"id":14860,"date":"2023-01-31T12:59:59","date_gmt":"2023-01-31T12:59:59","guid":{"rendered":"https:\/\/www.ibermusicas.org\/?p=14860"},"modified":"2023-02-27T18:59:37","modified_gmt":"2023-02-27T18:59:37","slug":"la-agrupacion-tradicionalista-san-baltazar-de-kamba-kua-se-presentara-en-argentina","status":"publish","type":"post","link":"https:\/\/www.ibermusicas.org\/index.php\/la-agrupacion-tradicionalista-san-baltazar-de-kamba-kua-se-presentara-en-argentina\/","title":{"rendered":"La agrupaci\u00f3n tradicionalista San Baltazar de Kamba Kua se presentar\u00e1 en Argentina"},"content":{"rendered":"<p>El Grupo Tradicional San Baltazar en el marco del trabajo de difusi\u00f3n y visibilizaci\u00f3n de la cultura afroparaguaya, realizar\u00e1 varios encuentros y presentaciones en la Rep\u00fablica Argentina en el mes de febrero. Se trata de una experiencia que buscar\u00e1 fortalecer lazos regionales culturales entre dos pueblos hermanos. Las presentaciones ser\u00e1n realizadas en la Casa Paraguaya y otros lugares de Buenos Aires.<\/p>\n<p>&nbsp;<\/p>\n<p>El grupo Tradicional San Baltazar vive y revive sus tradiciones ancestrales homenajeando al Santo Rey y honrando a los antepasados mediante la realizaci\u00f3n de eventos religiosos y profanos que aglutinan a toda la comunidad, con el objetivo del fortalecimiento cultural comunitario<\/p>\n<p>&nbsp;<\/p>\n<p>La danza de los Kamba, conocida a nivel nacional e internacional, es la principal actividad de expresi\u00f3n cultural afrodescendiente del Paraguay, por lo que es apreciada en toda la regi\u00f3n de Latinoam\u00e9rica. Es organizada y llevada a cabo por afroparaguayos descendientes de los lanceros y lanceras que llegaron al Paraguay con el pr\u00f3cer uruguayo Jos\u00e9 Gervasio Artigas en 1820.<\/p>\n<p>&nbsp;<\/p>\n<p>\u00a1Kamba Kua, Cultura Afroparaguaya Viva! en el Decenio Internacional de los Afrodescendientes 2015-2024<\/p>\n<p>&nbsp;<\/p>\n<p>Viernes 17 de febrero, 22:30 hs. Casa de la Libertad, Santa Catalina 1497, Pompeya, Ciudad de Buenos Aires, Argentina<\/p>\n<p>&nbsp;<\/p>\n<p>Domingo 19 de febrero, 14:00 hs. Casa de la Libertad, Santa Catalina 1497, Pompeya, Ciudad de Buenos Aires, Argentina<\/p>\n<p>&nbsp;<\/p>\n<p>Domingo 19 de febrero, 19:00 hs. Club Atl\u00e9tico Deportivo Paraguayo, Avenida Intendente Russo 2800, Gonz\u00e1lez Cat\u00e1n, Provincia de Buenos Aires, Argentina<\/p>\n","protected":false},"excerpt":{"rendered":"<p>El Grupo Tradicional San Baltazar en el marco del trabajo de difusi\u00f3n y visibilizaci\u00f3n de la cultura afroparaguaya, realizar\u00e1 varios encuentros y presentaciones en la Rep\u00fablica Argentina en el mes de febrero. Se trata de una experiencia que buscar\u00e1 fortalecer lazos regionales culturales entre dos pueblos hermanos. Las presentaciones ser\u00e1n realizadas en la Casa Paraguaya [&hellip;]<\/p>\n","protected":false},"author":1,"featured_media":14861,"comment_status":"closed","ping_status":"closed","sticky":false,"template":"","format":"standard","meta":{"_monsterinsights_skip_tracking":false,"_monsterinsights_sitenote_active":false,"_monsterinsights_sitenote_note":"","_monsterinsights_sitenote_category":0,"footnotes":""},"categories":[53],"tags":[],"class_list":["post-14860","post","type-post","status-publish","format-standard","has-post-thumbnail","hentry","category-noticias-generales"],"lang":"es","translations":{"es":14860,"pt":14863},"pll_sync_post":[],"post_mailing_queue_ids":[],"_links":{"self":[{"href":"https:\/\/www.ibermusicas.org\/index.php\/wp-json\/wp\/v2\/posts\/14860","targetHints":{"allow":["GET"]}}],"collection":[{"href":"https:\/\/www.ibermusicas.org\/index.php\/wp-json\/wp\/v2\/posts"}],"about":[{"href":"https:\/\/www.ibermusicas.org\/index.php\/wp-json\/wp\/v2\/types\/post"}],"author":[{"embeddable":true,"href":"https:\/\/www.ibermusicas.org\/index.php\/wp-json\/wp\/v2\/users\/1"}],"replies":[{"embeddable":true,"href":"https:\/\/www.ibermusicas.org\/index.php\/wp-json\/wp\/v2\/comments?post=14860"}],"version-history":[{"count":0,"href":"https:\/\/www.ibermusicas.org\/index.php\/wp-json\/wp\/v2\/posts\/14860\/revisions"}],"wp:featuredmedia":[{"embeddable":true,"href":"https:\/\/www.ibermusicas.org\/index.php\/wp-json\/wp\/v2\/media\/14861"}],"wp:attachment":[{"href":"https:\/\/www.ibermusicas.org\/index.php\/wp-json\/wp\/v2\/media?parent=14860"}],"wp:term":[{"taxonomy":"category","embeddable":true,"href":"https:\/\/www.ibermusicas.org\/index.php\/wp-json\/wp\/v2\/categories?post=14860"},{"taxonomy":"post_tag","embeddable":true,"href":"https:\/\/www.ibermusicas.org\/index.php\/wp-json\/wp\/v2\/tags?post=14860"}],"curies":[{"name":"wp","href":"https:\/\/api.w.org\/{rel}","templated":true}]}}