{"id":14883,"date":"2023-01-31T14:17:54","date_gmt":"2023-01-31T14:17:54","guid":{"rendered":"https:\/\/www.ibermusicas.org\/?p=14883"},"modified":"2023-02-27T19:01:48","modified_gmt":"2023-02-27T19:01:48","slug":"marcos-exposito-do-uruguay-e-gaddafi-nunez-do-peru-apresentam-a-primeira-faixa-do-seu-album-chabuca-negra","status":"publish","type":"post","link":"https:\/\/www.ibermusicas.org\/index.php\/marcos-exposito-do-uruguay-e-gaddafi-nunez-do-peru-apresentam-a-primeira-faixa-do-seu-album-chabuca-negra\/","title":{"rendered":"Marcos Exp\u00f3sito do Uruguay e Gaddafi N\u00fa\u00f1ez do Peru apresentam a primeira faixa do seu \u00e1lbum Chabuca Negra"},"content":{"rendered":"<p>Os principais objetivos deste trabalho foram revisar a etapa \u00abafroperuana\u00bb da compositora, dar continuidade ao processo de difus\u00e3o da obra de Chabuca Granda e fortalecer a irmandade entre as diferentes tradi\u00e7\u00f5es afro-sul-americanas, unindo, como forma de inova\u00e7\u00e3o e di\u00e1logo intercultural, relacionando essas composi\u00e7\u00f5es com outros ritmos iberoamericanos de origem afro (como o Candombe do Uruguay, a Milonga ou o Ajechao).<\/p>\n<p>Marcos Exp\u00f3xito come\u00e7ou a estudar contrabaixo el\u00e9trico em 2003 com Ignacio Echeverr\u00eda e depois com Federico Righi. Teve aulas ocasionais de baixo e contrabaixo com Arthur Maia (Gilberto Gil, Djavan) e Bruno Aguilar (Hamilton de Holanda, Mar\u00eda Beth\u00e2nia, Bamboo), Marcos Machado (Brasil\/EUA), Diego Zechar\u00edes (Uruguay\/Espan\u00f1a), Felipe Pumarada (Per\u00fa), Mariano Ly (Per\u00fa), Gerardo Alonso (Uruguay) e Jorge Pi (Uruguay). Em 2009 ingressou na EUM (Escola Universit\u00e1ria de M\u00fasica) onde estudou contrabaixo clasico durante 2 anos com Carlos Weiske e em paralelo com o professor Roberto De Bellis. Em 2017 formou-se em M\u00fasica Popular Brasileira e Jazz no Conservat\u00f3rio de Tatu\u00ed\/S\u00e3o Paulo. J\u00e1 participou de shows e festivais no Uruguay, Argentina, Chile, Brasil, Per\u00fa, Panam\u00e1, Espanha, Rep\u00fablica Tcheca, Alemanha, Pol\u00f4nia e Palestina. Como m\u00fasico de sess\u00e3o, gravou em mais de 15 discos, al\u00e9m de discos de autor. Trabalha como professor particular de m\u00fasica desde os 19 anos e em 2018 foi professor na escola Jazz a la Calle em Mercedes, Soriano. Em abril de 2021, publicou o seu primeiro livro, em coautoria com Nacho Mateu. O livro \u00abLos Bajos del Candombe\u00bb \u00e9 uma obra de 408 p\u00e1ginas dedicada ao estudo do baixo nesta tradi\u00e7\u00e3o afro-uruguaia. Atualmente, vive nos arredores de Barcelona, \u200b\u200b\u200b\u200bonde continua a trabalhar como professor e m\u00fasico de sess\u00e3o, al\u00e9m de produtor e diretor musical em v\u00e1rios projetos na cena espa\u00f1ola.<\/p>\n<p>Gaddafi N\u00fa\u00f1ez \u00e9 um m\u00fasico, compositor, produtor e comunicador peruano. Desde 2002 vive em Barcelona, \u200b\u200b\u200b\u200bonde se dedica \u00e0 cria\u00e7\u00e3o e difus\u00e3o de projetos musicais com ra\u00edzes latinoamericanas principalmente. \u00c9 formado em Comunica\u00e7\u00e3o Publicit\u00e1ria e Audiovisual e tem complementado sua forma\u00e7\u00e3o art\u00edstica participando de oficinas e cursos de composi\u00e7\u00e3o, harmonia, canto, teatro, fotografia e palha\u00e7o. \u00c9 criador e promotor de in\u00fameros projetos musicais, entre os quais podemos citar: Sakapat\u00fa, Galeano Encendido (show musical em homenagem ao escritor Eduardo Galeano), Ana Garc\u00eda y Gaddafi N\u00fa\u00f1ez D\u00fao, Olumb\u00e9 M\u00fasica Afroperuana, Costa Mulata, al\u00e9m de sua carreira como cantor e compositor com 5 \u00c1lbuns lan\u00e7ados: M\u00e1s All\u00e1 de tus ojos (1999), Collage (2011), Certeza (2013), Galeano Encendido (2016) e Late (2021). Ha tenido la oportunidad de mostrar su trabajo en los principales teatros, auditorios y festivales de Espa\u00f1a, as\u00ed como tambi\u00e9n en Per\u00fa, Francia, M\u00e9xico, B\u00e9lgica, Argelia, Italia, Argentina, Suiza, Holanda, Grecia, Alemania, Colombia, Portugal, entre outros pa\u00edses. Sua composi\u00e7\u00e3o \u201cNi\u00f1a de Lana\u201d (Ana Garc\u00eda e Gaddafi Nu\u00f1ez duo) foi inclu\u00edda pela organiza\u00e7\u00e3o Anistia Internacional no disco duplo lan\u00e7ado para o Dia dos Direitos Humanos. Fez parte da programa\u00e7\u00e3o do renomado Festival da Can\u00e7\u00e3o de Autor BarnaSants durante os anos de 2014, 2015, 2017, 2018 e 2021.<\/p>\n<p>Este trabalho tem a participa\u00e7\u00e3o de Eliseo Parra, Federico Blois, Luana Baptista, Melan\u00ed Luraschi, \u00c1lvaro Ponce de Le\u00f3n, Anna Colom e Fran Lucas como artistas convidadas.<\/p>\n<p>&nbsp;<\/p>\n<p>31 de janeiro em <a href=\"https:\/\/orcd.co\/cardoceniza\">https:\/\/orcd.co\/cardoceniza<\/a><\/p>\n","protected":false},"excerpt":{"rendered":"<p>Os principais objetivos deste trabalho foram revisar a etapa \u00abafroperuana\u00bb da compositora, dar continuidade ao processo de difus\u00e3o da obra de Chabuca Granda e fortalecer a irmandade entre as diferentes tradi\u00e7\u00f5es afro-sul-americanas, unindo, como forma de inova\u00e7\u00e3o e di\u00e1logo intercultural, relacionando essas composi\u00e7\u00f5es com outros ritmos iberoamericanos de origem afro (como o Candombe do Uruguay, [&hellip;]<\/p>\n","protected":false},"author":1,"featured_media":14881,"comment_status":"closed","ping_status":"closed","sticky":false,"template":"","format":"standard","meta":{"_monsterinsights_skip_tracking":false,"_monsterinsights_sitenote_active":false,"_monsterinsights_sitenote_note":"","_monsterinsights_sitenote_category":0,"footnotes":""},"categories":[218],"tags":[],"class_list":["post-14883","post","type-post","status-publish","format-standard","has-post-thumbnail","hentry","category-noticias-generales-pt"],"lang":"pt","translations":{"pt":14883,"es":14880},"pll_sync_post":[],"post_mailing_queue_ids":[],"_links":{"self":[{"href":"https:\/\/www.ibermusicas.org\/index.php\/wp-json\/wp\/v2\/posts\/14883","targetHints":{"allow":["GET"]}}],"collection":[{"href":"https:\/\/www.ibermusicas.org\/index.php\/wp-json\/wp\/v2\/posts"}],"about":[{"href":"https:\/\/www.ibermusicas.org\/index.php\/wp-json\/wp\/v2\/types\/post"}],"author":[{"embeddable":true,"href":"https:\/\/www.ibermusicas.org\/index.php\/wp-json\/wp\/v2\/users\/1"}],"replies":[{"embeddable":true,"href":"https:\/\/www.ibermusicas.org\/index.php\/wp-json\/wp\/v2\/comments?post=14883"}],"version-history":[{"count":0,"href":"https:\/\/www.ibermusicas.org\/index.php\/wp-json\/wp\/v2\/posts\/14883\/revisions"}],"wp:featuredmedia":[{"embeddable":true,"href":"https:\/\/www.ibermusicas.org\/index.php\/wp-json\/wp\/v2\/media\/14881"}],"wp:attachment":[{"href":"https:\/\/www.ibermusicas.org\/index.php\/wp-json\/wp\/v2\/media?parent=14883"}],"wp:term":[{"taxonomy":"category","embeddable":true,"href":"https:\/\/www.ibermusicas.org\/index.php\/wp-json\/wp\/v2\/categories?post=14883"},{"taxonomy":"post_tag","embeddable":true,"href":"https:\/\/www.ibermusicas.org\/index.php\/wp-json\/wp\/v2\/tags?post=14883"}],"curies":[{"name":"wp","href":"https:\/\/api.w.org\/{rel}","templated":true}]}}