{"id":14888,"date":"2023-01-31T14:32:18","date_gmt":"2023-01-31T14:32:18","guid":{"rendered":"https:\/\/www.ibermusicas.org\/?p=14888"},"modified":"2023-02-27T19:01:42","modified_gmt":"2023-02-27T19:01:42","slug":"o-musico-cabo-verdiano-residente-em-portugal-miroca-paris-fiz-uma-turne-no-chile-e-na-colombia","status":"publish","type":"post","link":"https:\/\/www.ibermusicas.org\/index.php\/o-musico-cabo-verdiano-residente-em-portugal-miroca-paris-fiz-uma-turne-no-chile-e-na-colombia\/","title":{"rendered":"O m\u00fasico cabo-verdiano residente em Portugal, Miroca Paris, fiz uma turn\u00ea no Chile e na Col\u00f4mbia"},"content":{"rendered":"<p>Nascido em Cabo Verde, Miroca Paris \u00e9 um multi-instrumentista conhecido por refletir em sua m\u00fasica a fus\u00e3o entre as culturas portuguesa e africana, assim como suas doces melodias inspiradas nas mornas de seu pa\u00eds natal.<\/p>\n<p>&nbsp;<\/p>\n<p>Miroca tem sido membro das bandas de outros grandes artistas internacionais como Chico C\u00e9sar, Ces\u00e1ria \u00c9vora, Cuca Roseta, Tito Paris, Zizi Possi, Angelique Kidjo, Nancy Vieira, Bonga, Rui Veloso, Tcheka, Sara Tavares e Caman\u00e9, entre outros.<\/p>\n<p>&nbsp;<\/p>\n<p>Ademiro Jos\u00e9 Miranda (Mindelo, 1979) \u00e9 inspirado nas doces melodias de Cabo Verde. Levantado na tradi\u00e7\u00e3o morna, sua vers\u00e3o atual deste melanc\u00f3lico estilo cabo-verdiano se manifesta em can\u00e7\u00f5es como &#8216;Mund Amor&#8217;, &#8216;Nhe Simpronia&#8217; ou &#8216;Joana Joaninh&#8217;. Talvez o talento para retratar esta \u00absaudade\u00bb esteja na fam\u00edlia, porque o m\u00fasico \u00e9 sobrinho do grande Tito Paris.<\/p>\n<p>&nbsp;<\/p>\n<p>Com apenas sete anos de idade, o m\u00fasico africano j\u00e1 come\u00e7ou a tocar bateria, enquanto aos treze anos foi apresentado ao mundo do canto, do viol\u00e3o e da percuss\u00e3o. Depois de fazer parte de v\u00e1rias bandas, em 1998, ele decidiu mudar-se para Portugal, o que serviu como carta de apresenta\u00e7\u00e3o para m\u00fasicos de todo o mundo. As ofertas de colabora\u00e7\u00e3o em projetos de m\u00fasica de fus\u00e3o n\u00e3o demoraram muito para chegar. Foi aqui que ele uniu for\u00e7as com Ces\u00e1ria \u00c9vora como percussionista e que mais tarde come\u00e7ou uma carreira solo<\/p>\n<p>&nbsp;<\/p>\n","protected":false},"excerpt":{"rendered":"<p>Nascido em Cabo Verde, Miroca Paris \u00e9 um multi-instrumentista conhecido por refletir em sua m\u00fasica a fus\u00e3o entre as culturas portuguesa e africana, assim como suas doces melodias inspiradas nas mornas de seu pa\u00eds natal. &nbsp; Miroca tem sido membro das bandas de outros grandes artistas internacionais como Chico C\u00e9sar, Ces\u00e1ria \u00c9vora, Cuca Roseta, Tito [&hellip;]<\/p>\n","protected":false},"author":1,"featured_media":14886,"comment_status":"closed","ping_status":"closed","sticky":false,"template":"","format":"standard","meta":{"_monsterinsights_skip_tracking":false,"_monsterinsights_sitenote_active":false,"_monsterinsights_sitenote_note":"","_monsterinsights_sitenote_category":0,"footnotes":""},"categories":[218],"tags":[],"class_list":["post-14888","post","type-post","status-publish","format-standard","has-post-thumbnail","hentry","category-noticias-generales-pt"],"lang":"pt","translations":{"pt":14888,"es":14885},"pll_sync_post":[],"post_mailing_queue_ids":[],"_links":{"self":[{"href":"https:\/\/www.ibermusicas.org\/index.php\/wp-json\/wp\/v2\/posts\/14888","targetHints":{"allow":["GET"]}}],"collection":[{"href":"https:\/\/www.ibermusicas.org\/index.php\/wp-json\/wp\/v2\/posts"}],"about":[{"href":"https:\/\/www.ibermusicas.org\/index.php\/wp-json\/wp\/v2\/types\/post"}],"author":[{"embeddable":true,"href":"https:\/\/www.ibermusicas.org\/index.php\/wp-json\/wp\/v2\/users\/1"}],"replies":[{"embeddable":true,"href":"https:\/\/www.ibermusicas.org\/index.php\/wp-json\/wp\/v2\/comments?post=14888"}],"version-history":[{"count":0,"href":"https:\/\/www.ibermusicas.org\/index.php\/wp-json\/wp\/v2\/posts\/14888\/revisions"}],"wp:featuredmedia":[{"embeddable":true,"href":"https:\/\/www.ibermusicas.org\/index.php\/wp-json\/wp\/v2\/media\/14886"}],"wp:attachment":[{"href":"https:\/\/www.ibermusicas.org\/index.php\/wp-json\/wp\/v2\/media?parent=14888"}],"wp:term":[{"taxonomy":"category","embeddable":true,"href":"https:\/\/www.ibermusicas.org\/index.php\/wp-json\/wp\/v2\/categories?post=14888"},{"taxonomy":"post_tag","embeddable":true,"href":"https:\/\/www.ibermusicas.org\/index.php\/wp-json\/wp\/v2\/tags?post=14888"}],"curies":[{"name":"wp","href":"https:\/\/api.w.org\/{rel}","templated":true}]}}