{"id":14972,"date":"2023-02-27T19:55:13","date_gmt":"2023-02-27T19:55:13","guid":{"rendered":"https:\/\/www.ibermusicas.org\/?p=14972"},"modified":"2023-02-27T19:55:13","modified_gmt":"2023-02-27T19:55:13","slug":"en-ushuaia-extremo-sur-de-la-patagonia-argentina-se-realizara-el-encuentro-saxofon-patagonico","status":"publish","type":"post","link":"https:\/\/www.ibermusicas.org\/index.php\/en-ushuaia-extremo-sur-de-la-patagonia-argentina-se-realizara-el-encuentro-saxofon-patagonico\/","title":{"rendered":"En Ushuaia, extremo sur de la Patagonia Argentina, se realizar\u00e1 el encuentro Saxof\u00f3n Patag\u00f3nico"},"content":{"rendered":"<p>Saxof\u00f3n Patag\u00f3nico es un evento regional con influencia internacional, donde se pretende contribuir con el crecimiento musical de saxofonistas de la regi\u00f3n Patag\u00f3nica, consolidando el v\u00ednculo entre artistas de cada una de las provincias que componen la regi\u00f3n.<\/p>\n<p>&nbsp;<\/p>\n<p>Con aportes did\u00e1cticos y presentaciones musicales de artistas regionales, nacionales e internacionales se procura generar diversas oportunidades para los amantes del saxof\u00f3n. El principal objetivo para Saxof\u00f3n Patag\u00f3nico es prestigiar a los profesionales, d\u00e1ndoles espacio para mostrar y desarrollar sus actividades.<\/p>\n<p>&nbsp;<\/p>\n<p>El evento inicia el 8 de marzo en la ciudad de Ushuaia, Provincia de Tierra del Fuego, Argentina, en el d\u00eda internacional de la mujer. El d\u00eda del cierre (12 de marzo) se prev\u00e9 una convocatoria de artistas mujeres locales para realizar un concierto en conjunto con las artistas del festival.<\/p>\n<p>&nbsp;<\/p>\n<p>Docentes Invitados: Guillermo R. Schiavi Gon, Julio Gregorio Mart\u00ednez, Guillermo Vera, Luis Federico Jaureguiberry y Mar\u00eda Patricia L\u00f3pez Sobrero.<\/p>\n<p><em>\u00a0<\/em><\/p>\n<p>Del 8 al 12 de marzo en Ushuaia, Provincia de Tierra del Fuego, Argentina<\/p>\n<p><em>\u00a0<\/em><\/p>\n<p><a href=\"https:\/\/www.instagram.com\/\">https:\/\/www.instagram.com\/<\/a><\/p>\n<p><a href=\"https:\/\/saxofonpatagonico\">https:\/\/saxofonpatagonico<\/a><\/p>\n","protected":false},"excerpt":{"rendered":"<p>Saxof\u00f3n Patag\u00f3nico es un evento regional con influencia internacional, donde se pretende contribuir con el crecimiento musical de saxofonistas de la regi\u00f3n Patag\u00f3nica, consolidando el v\u00ednculo entre artistas de cada una de las provincias que componen la regi\u00f3n. &nbsp; Con aportes did\u00e1cticos y presentaciones musicales de artistas regionales, nacionales e internacionales se procura generar diversas [&hellip;]<\/p>\n","protected":false},"author":1,"featured_media":14973,"comment_status":"closed","ping_status":"closed","sticky":false,"template":"","format":"standard","meta":{"_monsterinsights_skip_tracking":false,"_monsterinsights_sitenote_active":false,"_monsterinsights_sitenote_note":"","_monsterinsights_sitenote_category":0,"footnotes":""},"categories":[53],"tags":[],"class_list":["post-14972","post","type-post","status-publish","format-standard","has-post-thumbnail","hentry","category-noticias-generales"],"lang":"es","translations":{"es":14972,"pt":14975},"pll_sync_post":[],"post_mailing_queue_ids":[],"_links":{"self":[{"href":"https:\/\/www.ibermusicas.org\/index.php\/wp-json\/wp\/v2\/posts\/14972","targetHints":{"allow":["GET"]}}],"collection":[{"href":"https:\/\/www.ibermusicas.org\/index.php\/wp-json\/wp\/v2\/posts"}],"about":[{"href":"https:\/\/www.ibermusicas.org\/index.php\/wp-json\/wp\/v2\/types\/post"}],"author":[{"embeddable":true,"href":"https:\/\/www.ibermusicas.org\/index.php\/wp-json\/wp\/v2\/users\/1"}],"replies":[{"embeddable":true,"href":"https:\/\/www.ibermusicas.org\/index.php\/wp-json\/wp\/v2\/comments?post=14972"}],"version-history":[{"count":0,"href":"https:\/\/www.ibermusicas.org\/index.php\/wp-json\/wp\/v2\/posts\/14972\/revisions"}],"wp:featuredmedia":[{"embeddable":true,"href":"https:\/\/www.ibermusicas.org\/index.php\/wp-json\/wp\/v2\/media\/14973"}],"wp:attachment":[{"href":"https:\/\/www.ibermusicas.org\/index.php\/wp-json\/wp\/v2\/media?parent=14972"}],"wp:term":[{"taxonomy":"category","embeddable":true,"href":"https:\/\/www.ibermusicas.org\/index.php\/wp-json\/wp\/v2\/categories?post=14972"},{"taxonomy":"post_tag","embeddable":true,"href":"https:\/\/www.ibermusicas.org\/index.php\/wp-json\/wp\/v2\/tags?post=14972"}],"curies":[{"name":"wp","href":"https:\/\/api.w.org\/{rel}","templated":true}]}}