{"id":14975,"date":"2023-02-27T19:56:56","date_gmt":"2023-02-27T19:56:56","guid":{"rendered":"https:\/\/www.ibermusicas.org\/?p=14975"},"modified":"2023-02-27T19:56:56","modified_gmt":"2023-02-27T19:56:56","slug":"em-ushuaia-extremo-sul-da-patagonia-argentina-sera-realizado-o-encontro-saxophone-patagonico","status":"publish","type":"post","link":"https:\/\/www.ibermusicas.org\/index.php\/em-ushuaia-extremo-sul-da-patagonia-argentina-sera-realizado-o-encontro-saxophone-patagonico\/","title":{"rendered":"Em Ushuaia, extremo sul da Patag\u00f4nia Argentina, ser\u00e1 realizado o encontro Saxophone Patag\u00f4nico"},"content":{"rendered":"<p>Saxophone Patag\u00f4nico \u00e9 um evento regional de influ\u00eancia internacional, que visa contribuir para o crescimento musical dos saxofonistas da regi\u00e3o patag\u00f4nica, consolidando o v\u00ednculo entre artistas de cada uma das prov\u00edncias que comp\u00f5em a regi\u00e3o.<\/p>\n<p>&nbsp;<\/p>\n<p>Com contribui\u00e7\u00f5es did\u00e1ticas e apresenta\u00e7\u00f5es musicais de artistas regionais, nacionais e internacionais, busca gerar diversas oportunidades para os amantes do saxophone. O principal objetivo do Saxophone Patag\u00f4nico \u00e9 prestigiar os profissionais, dando-lhes espa\u00e7o para mostrar e desenvolver suas atividades.<\/p>\n<p>&nbsp;<\/p>\n<p>O evento come\u00e7a no dia 8 de mar\u00e7o na cidade de Ushuaia, Prov\u00edncia da Tierra del Fuero, Argentina, no Dia Internacional da Mulher. No dia de encerramento (12 de mar\u00e7o) est\u00e1 previsto um convite para artistas femininas locais para um show junto com os artistas do festival.<\/p>\n<p>&nbsp;<\/p>\n<p>Palestrantes Convidados: Guillermo R. Schiavi Gon, Julio Gregorio Mart\u00ednez, Guillermo Vera, Luis Federico Jaureguiberry e Mar\u00eda Patricia L\u00f3pez Sobrero<\/p>\n<p><strong>\u00a0<\/strong><\/p>\n<p><strong>\u00a0<\/strong><\/p>\n<p>De 8 a 12 de mar\u00e7o em Ushuaia, Prov\u00edncia da Terra do Fogo, Argentina<\/p>\n<p><strong>\u00a0<\/strong><\/p>\n<p><a href=\"https:\/\/www.instagram.com\/\">https:\/\/www.instagram.com\/<\/a><\/p>\n<p><a href=\"https:\/\/saxofonpatagonico\">https:\/\/saxofonpatagonico<\/a><\/p>\n","protected":false},"excerpt":{"rendered":"<p>Saxophone Patag\u00f4nico \u00e9 um evento regional de influ\u00eancia internacional, que visa contribuir para o crescimento musical dos saxofonistas da regi\u00e3o patag\u00f4nica, consolidando o v\u00ednculo entre artistas de cada uma das prov\u00edncias que comp\u00f5em a regi\u00e3o. &nbsp; Com contribui\u00e7\u00f5es did\u00e1ticas e apresenta\u00e7\u00f5es musicais de artistas regionais, nacionais e internacionais, busca gerar diversas oportunidades para os amantes [&hellip;]<\/p>\n","protected":false},"author":1,"featured_media":14973,"comment_status":"closed","ping_status":"closed","sticky":false,"template":"","format":"standard","meta":{"_monsterinsights_skip_tracking":false,"_monsterinsights_sitenote_active":false,"_monsterinsights_sitenote_note":"","_monsterinsights_sitenote_category":0,"footnotes":""},"categories":[218],"tags":[],"class_list":["post-14975","post","type-post","status-publish","format-standard","has-post-thumbnail","hentry","category-noticias-generales-pt"],"lang":"pt","translations":{"pt":14975,"es":14972},"pll_sync_post":[],"post_mailing_queue_ids":[],"_links":{"self":[{"href":"https:\/\/www.ibermusicas.org\/index.php\/wp-json\/wp\/v2\/posts\/14975","targetHints":{"allow":["GET"]}}],"collection":[{"href":"https:\/\/www.ibermusicas.org\/index.php\/wp-json\/wp\/v2\/posts"}],"about":[{"href":"https:\/\/www.ibermusicas.org\/index.php\/wp-json\/wp\/v2\/types\/post"}],"author":[{"embeddable":true,"href":"https:\/\/www.ibermusicas.org\/index.php\/wp-json\/wp\/v2\/users\/1"}],"replies":[{"embeddable":true,"href":"https:\/\/www.ibermusicas.org\/index.php\/wp-json\/wp\/v2\/comments?post=14975"}],"version-history":[{"count":0,"href":"https:\/\/www.ibermusicas.org\/index.php\/wp-json\/wp\/v2\/posts\/14975\/revisions"}],"wp:featuredmedia":[{"embeddable":true,"href":"https:\/\/www.ibermusicas.org\/index.php\/wp-json\/wp\/v2\/media\/14973"}],"wp:attachment":[{"href":"https:\/\/www.ibermusicas.org\/index.php\/wp-json\/wp\/v2\/media?parent=14975"}],"wp:term":[{"taxonomy":"category","embeddable":true,"href":"https:\/\/www.ibermusicas.org\/index.php\/wp-json\/wp\/v2\/categories?post=14975"},{"taxonomy":"post_tag","embeddable":true,"href":"https:\/\/www.ibermusicas.org\/index.php\/wp-json\/wp\/v2\/tags?post=14975"}],"curies":[{"name":"wp","href":"https:\/\/api.w.org\/{rel}","templated":true}]}}