{"id":15077,"date":"2023-03-14T17:26:01","date_gmt":"2023-03-14T17:26:01","guid":{"rendered":"https:\/\/www.ibermusicas.org\/?p=15077"},"modified":"2023-04-03T11:20:03","modified_gmt":"2023-04-03T11:20:03","slug":"a-orquestra-de-instrumentos-autoctones-e-novas-tecnologias-da-untref-argentina-participara-do-2o-congresso-internacional-de-etno-e-arqueomusicologia-no-mexico","status":"publish","type":"post","link":"https:\/\/www.ibermusicas.org\/index.php\/a-orquestra-de-instrumentos-autoctones-e-novas-tecnologias-da-untref-argentina-participara-do-2o-congresso-internacional-de-etno-e-arqueomusicologia-no-mexico\/","title":{"rendered":"A Orquestra de Instrumentos Aut\u00f3ctones e Novas Tecnologias da UNTREF (Argentina) participar\u00e1 do 2\u00ba Congresso Internacional de Etno e Arqueomusicologia no M\u00e9xico"},"content":{"rendered":"<p>O 2\u00ba Congresso Internacional de Etno e Arqueomusicologia contar\u00e1 com a presen\u00e7a de solistas e investigadores da Orquestra de Instrumentos Ind\u00edgenas e Novas Tecnologias que ir\u00e3o realizar a Cerim\u00f4nia de Abertura e Encerramento do Congresso, bem como workshops e semin\u00e1rios. A Orquestra apresentar\u00e1 seu Modelo art\u00edstico-acad\u00eamico interdisciplinar, bem como seu trabalho de recupera\u00e7\u00e3o de instrumentos e m\u00e1scaras nativas, apresentando-se no Audit\u00f3rio Torres Bodet da Assembleia Nacional Museu de Antropologia do M\u00e9xico. Da mesma forma, ser\u00e3o realizadas investiga\u00e7\u00f5es nos Dep\u00f3sitos e Salas de Exposi\u00e7\u00f5es da Cole\u00e7\u00e3o de Cultura Maia do Museu, bem como concertos enquadrados nas atividades musicais do Museu Nacional de Antropologia.<\/p>\n<p>&nbsp;<\/p>\n<p>A Orquestra de Instrumentos Aut\u00f3ctones e Novas tecnologias com sede na Universidade Nacional de Tres de Febrero foi criada\u00a0 em 2004 pelo compositor, diretor, pesquisador e educador argentino Alejandro Iglesias Rossi e pela educadora, eutonista, music\u00f3loga, icon\u00f3grafa e diretora de Artes C\u00eanicas e Visuais Susana Ferreres. Tem realizado um trabalho de investiga\u00e7\u00e3o na \u00e1rea da composi\u00e7\u00e3o, interpreta\u00e7\u00e3o, luther\u00eda e cria\u00e7\u00e3o de m\u00e1scaras, procurando assim aproximar as diferentes \u00e1reas do conhecimento relacionadas com a m\u00fasica.<\/p>\n<p>&nbsp;<\/p>\n<p>A Orquestra de Instrumentos Aut\u00f3ctones e Novas Tecnologias da Universidade Nacional de Tres de Febrero parte da ideia de conferir aos instrumentos nativos americanos a mesma \u00abdignidade ontol\u00f3gica\u00bb dos instrumentos herdados da tradi\u00e7\u00e3o europeia e dos desenvolvidos pela tecnologia digital. Por isso, todos os integrantes s\u00e3o ao mesmo tempo criadores e int\u00e9rpretes das suas pr\u00f3prias obras, construtores de muitos dos instrumentos que tocam e das m\u00e1scaras utilizadas nos concertos.<\/p>\n<p>&nbsp;<\/p>\n<p>A Orquestra \u00e9 constitu\u00edda por professores e alunos do Mestrado em Cria\u00e7\u00e3o Musical, Novas Tecnologias e Artes Tradicionais, da Licenciatura em Estudantes de Artes Eletr\u00f4nicas e Bacharel em M\u00fasica, bem como Engenharia de Som.<\/p>\n<p>&nbsp;<\/p>\n<p>&nbsp;<\/p>\n<p>De 29 de mar\u00e7o a 2 de abril, Museu Nacional de Antropologia, Cidade do M\u00e9xico<\/p>\n","protected":false},"excerpt":{"rendered":"<p>O 2\u00ba Congresso Internacional de Etno e Arqueomusicologia contar\u00e1 com a presen\u00e7a de solistas e investigadores da Orquestra de Instrumentos Ind\u00edgenas e Novas Tecnologias que ir\u00e3o realizar a Cerim\u00f4nia de Abertura e Encerramento do Congresso, bem como workshops e semin\u00e1rios. A Orquestra apresentar\u00e1 seu Modelo art\u00edstico-acad\u00eamico interdisciplinar, bem como seu trabalho de recupera\u00e7\u00e3o de instrumentos [&hellip;]<\/p>\n","protected":false},"author":1,"featured_media":15075,"comment_status":"closed","ping_status":"closed","sticky":false,"template":"","format":"standard","meta":{"_monsterinsights_skip_tracking":false,"_monsterinsights_sitenote_active":false,"_monsterinsights_sitenote_note":"","_monsterinsights_sitenote_category":0,"footnotes":""},"categories":[218],"tags":[],"class_list":["post-15077","post","type-post","status-publish","format-standard","has-post-thumbnail","hentry","category-noticias-generales-pt"],"lang":"pt","translations":{"pt":15077,"es":15074},"pll_sync_post":[],"post_mailing_queue_ids":[],"_links":{"self":[{"href":"https:\/\/www.ibermusicas.org\/index.php\/wp-json\/wp\/v2\/posts\/15077","targetHints":{"allow":["GET"]}}],"collection":[{"href":"https:\/\/www.ibermusicas.org\/index.php\/wp-json\/wp\/v2\/posts"}],"about":[{"href":"https:\/\/www.ibermusicas.org\/index.php\/wp-json\/wp\/v2\/types\/post"}],"author":[{"embeddable":true,"href":"https:\/\/www.ibermusicas.org\/index.php\/wp-json\/wp\/v2\/users\/1"}],"replies":[{"embeddable":true,"href":"https:\/\/www.ibermusicas.org\/index.php\/wp-json\/wp\/v2\/comments?post=15077"}],"version-history":[{"count":0,"href":"https:\/\/www.ibermusicas.org\/index.php\/wp-json\/wp\/v2\/posts\/15077\/revisions"}],"wp:featuredmedia":[{"embeddable":true,"href":"https:\/\/www.ibermusicas.org\/index.php\/wp-json\/wp\/v2\/media\/15075"}],"wp:attachment":[{"href":"https:\/\/www.ibermusicas.org\/index.php\/wp-json\/wp\/v2\/media?parent=15077"}],"wp:term":[{"taxonomy":"category","embeddable":true,"href":"https:\/\/www.ibermusicas.org\/index.php\/wp-json\/wp\/v2\/categories?post=15077"},{"taxonomy":"post_tag","embeddable":true,"href":"https:\/\/www.ibermusicas.org\/index.php\/wp-json\/wp\/v2\/tags?post=15077"}],"curies":[{"name":"wp","href":"https:\/\/api.w.org\/{rel}","templated":true}]}}