{"id":15087,"date":"2023-03-14T17:34:38","date_gmt":"2023-03-14T17:34:38","guid":{"rendered":"https:\/\/www.ibermusicas.org\/?p=15087"},"modified":"2023-04-03T11:19:56","modified_gmt":"2023-04-03T11:19:56","slug":"o-cantor-e-compositor-paraguaio-victor-riveros-se-apresentara-na-edicao-costarriquenha-do-festival-sonamos-latinoamerica","status":"publish","type":"post","link":"https:\/\/www.ibermusicas.org\/index.php\/o-cantor-e-compositor-paraguaio-victor-riveros-se-apresentara-na-edicao-costarriquenha-do-festival-sonamos-latinoamerica\/","title":{"rendered":"O cantor e compositor paraguaio V\u00edctor Riveros se apresentar\u00e1 na edi\u00e7\u00e3o costarriquenha do Festival Sonamos Latinoam\u00e9rica"},"content":{"rendered":"<p>V\u00edctor Riveros, compositor e int\u00e9rprete paraguaio, \u00e9 um dos fundadores do movimento Can\u00e7\u00e3o Social Urbana no Paraguai junto com Hugo Ferreira e Aldo Mesa, que busca promover a m\u00fasica cantautora no Paraguai. Suas composi\u00e7\u00f5es refletem sobre a vida e a sociedade, combinando aspectos \u00edntimos do ser humano com uma preocupa\u00e7\u00e3o recorrente com a justi\u00e7a social no Paraguai. Participou ativamente dos momentos de crise pol\u00edtica no Paraguai, contribuindo com suas can\u00e7\u00f5es para a resist\u00eancia cidad\u00e3.<\/p>\n<p>&nbsp;<\/p>\n<p>Um dos temas recorrentes que V\u00edctor Riveros aborda nas suas can\u00e7\u00f5es \u00e9 a sustentabilidade e a ecologia, que \u00e9 abordada transversalmente nas suas composi\u00e7\u00f5es. A proposta musical de V\u00edctor Riveros inclui uma postura \u00e9tnica, j\u00e1 que o artista comp\u00f5e e interpreta can\u00e7\u00f5es em guarani, al\u00e9m do espanhol. Em carreira solo gravou e publicou os discos Piel Quemada (1993), Tiempo de Actuar (2001), Identidad Mestiza (2008) e Esencial Apyte (2012).<\/p>\n<p>&nbsp;<\/p>\n<p>O festival \u00abSonamos Latinoam\u00e9rica\u00bb \u200b\u200b\u200b\u200b\u00e9 um espa\u00e7o gerado por m\u00fasicos latino-americanos que trabalham cooperativamente em projetos para divulgar a m\u00fasica popular latino-americana de ra\u00edzes folcl\u00f3ricas, a partir de suas m\u00faltiplas abordagens.<\/p>\n<p>&nbsp;<\/p>\n<p>Sonamos Latinoam\u00e9rica, nasceu na cidade de Santa F\u00e9, Argentina, em 2006, consolida-se ano a ano com a cria\u00e7\u00e3o de novos espa\u00e7os que possibilitam o interc\u00e2mbio e a circula\u00e7\u00e3o de m\u00fasicos e educadores musicais latino-americanos. Atualmente o festival existe em mais de 13 pa\u00edses incluindo Am\u00e9rica Latina e Europa; este ano, a Costa Rica sediar\u00e1 a regi\u00e3o da Am\u00e9rica Central e do Caribe.<\/p>\n<p>&nbsp;<\/p>\n<p>De 17 a 26 de mar\u00e7o em San Jos\u00e9, Lim\u00f3n e Guanacaste, Costa Rica<\/p>\n","protected":false},"excerpt":{"rendered":"<p>V\u00edctor Riveros, compositor e int\u00e9rprete paraguaio, \u00e9 um dos fundadores do movimento Can\u00e7\u00e3o Social Urbana no Paraguai junto com Hugo Ferreira e Aldo Mesa, que busca promover a m\u00fasica cantautora no Paraguai. Suas composi\u00e7\u00f5es refletem sobre a vida e a sociedade, combinando aspectos \u00edntimos do ser humano com uma preocupa\u00e7\u00e3o recorrente com a justi\u00e7a social [&hellip;]<\/p>\n","protected":false},"author":1,"featured_media":15085,"comment_status":"closed","ping_status":"closed","sticky":false,"template":"","format":"standard","meta":{"_monsterinsights_skip_tracking":false,"_monsterinsights_sitenote_active":false,"_monsterinsights_sitenote_note":"","_monsterinsights_sitenote_category":0,"footnotes":""},"categories":[218],"tags":[],"class_list":["post-15087","post","type-post","status-publish","format-standard","has-post-thumbnail","hentry","category-noticias-generales-pt"],"lang":"pt","translations":{"pt":15087,"es":15084},"pll_sync_post":[],"post_mailing_queue_ids":[],"_links":{"self":[{"href":"https:\/\/www.ibermusicas.org\/index.php\/wp-json\/wp\/v2\/posts\/15087","targetHints":{"allow":["GET"]}}],"collection":[{"href":"https:\/\/www.ibermusicas.org\/index.php\/wp-json\/wp\/v2\/posts"}],"about":[{"href":"https:\/\/www.ibermusicas.org\/index.php\/wp-json\/wp\/v2\/types\/post"}],"author":[{"embeddable":true,"href":"https:\/\/www.ibermusicas.org\/index.php\/wp-json\/wp\/v2\/users\/1"}],"replies":[{"embeddable":true,"href":"https:\/\/www.ibermusicas.org\/index.php\/wp-json\/wp\/v2\/comments?post=15087"}],"version-history":[{"count":0,"href":"https:\/\/www.ibermusicas.org\/index.php\/wp-json\/wp\/v2\/posts\/15087\/revisions"}],"wp:featuredmedia":[{"embeddable":true,"href":"https:\/\/www.ibermusicas.org\/index.php\/wp-json\/wp\/v2\/media\/15085"}],"wp:attachment":[{"href":"https:\/\/www.ibermusicas.org\/index.php\/wp-json\/wp\/v2\/media?parent=15087"}],"wp:term":[{"taxonomy":"category","embeddable":true,"href":"https:\/\/www.ibermusicas.org\/index.php\/wp-json\/wp\/v2\/categories?post=15087"},{"taxonomy":"post_tag","embeddable":true,"href":"https:\/\/www.ibermusicas.org\/index.php\/wp-json\/wp\/v2\/tags?post=15087"}],"curies":[{"name":"wp","href":"https:\/\/api.w.org\/{rel}","templated":true}]}}