{"id":15157,"date":"2023-04-03T12:47:54","date_gmt":"2023-04-03T12:47:54","guid":{"rendered":"https:\/\/www.ibermusicas.org\/?p=15157"},"modified":"2023-05-02T17:46:10","modified_gmt":"2023-05-02T17:46:10","slug":"en-alianza-entre-panama-y-brasil-el-proyecto-afrolab-lanza-su-single-con-the-beachers-e-idania-dowman","status":"publish","type":"post","link":"https:\/\/www.ibermusicas.org\/index.php\/en-alianza-entre-panama-y-brasil-el-proyecto-afrolab-lanza-su-single-con-the-beachers-e-idania-dowman\/","title":{"rendered":"En alianza entre Panam\u00e1 y Brasil, el Proyecto Afrolab lanza su single con The Beachers e Idania Dowman"},"content":{"rendered":"<p>Afrolab es una iniciativa de colaboraci\u00f3n musical bilateral entre m\u00fasicos de diversas nacionalidades creada por el equipo de Folk Lab Studio para celebrar la incalculable contribuci\u00f3n afrodescendiente en la m\u00fasica popular. El proyecto consiste en la coproducci\u00f3n de sencillos con una sonoridad afroamericana entre artistas provenientes de la regi\u00f3n Iberoamericana. Esta primera co-producci\u00f3n Panam\u00e1-Brasil la realizar\u00e1 el productor Billy Herron de Panam\u00e1 desde Folk Lab Studio junto a Kassin, reconocido productor brasile\u00f1o ganador del premio Grammy. El proyecto se ejecutar\u00e1 de manera remota, con sesiones de producci\u00f3n y grabaci\u00f3n realizadas tanto en Panam\u00e1 como en R\u00edo de Janeiro.<\/p>\n<p>&nbsp;<\/p>\n<p>En esta primera entrega los artistas principales son The Beachers e Idania Dowman. The Beachers, es una agrupaci\u00f3n emblem\u00e1tica procedente de la provincia de Bocas del Toro en el caribe paname\u00f1o, con m\u00e1s de 50 a\u00f1os de carrera art\u00edstica. Idania Dowman es una artista y cantante paname\u00f1a, conocida como La Dama Del Jazz, quien impulsa la cultura y tradiciones afrodescendientes en Panam\u00e1 y el Caribe.<\/p>\n<p>&nbsp;<\/p>\n<p>The Beachers y la dama del jazz, Idania Dowman se unen y presentan una versi\u00f3n caribe\u00f1a del cl\u00e1sico del jazz \u201cWhat A Wonderful World\u201d. Este reconocido \u00e9xito fue compuesto originalmente por George Weiss y Robert Thiele e inmortalizada por Louis Armstrong a finales de los a\u00f1os sesenta e inicios de los setenta con la intenci\u00f3n de transmitir paz en esos momentos agitados que se viv\u00edan en esas d\u00e9cadas.<\/p>\n<p>&nbsp;<\/p>\n<p><em>\u201cHicimos una nueva versi\u00f3n a nuestro estilo para preservar un legado musical y cultural adem\u00e1s queremos recordar en estos tiempos complicados que es posible disfrutar de los peque\u00f1os detalles que nos regala la vida\u201d.<\/em><\/p>\n<p>&nbsp;<\/p>\n<p>A partir del 8 de abril en todas las plataformas<\/p>\n","protected":false},"excerpt":{"rendered":"<p>Afrolab es una iniciativa de colaboraci\u00f3n musical bilateral entre m\u00fasicos de diversas nacionalidades creada por el equipo de Folk Lab Studio para celebrar la incalculable contribuci\u00f3n afrodescendiente en la m\u00fasica popular. El proyecto consiste en la coproducci\u00f3n de sencillos con una sonoridad afroamericana entre artistas provenientes de la regi\u00f3n Iberoamericana. Esta primera co-producci\u00f3n Panam\u00e1-Brasil la [&hellip;]<\/p>\n","protected":false},"author":1,"featured_media":15166,"comment_status":"closed","ping_status":"closed","sticky":false,"template":"","format":"standard","meta":{"_monsterinsights_skip_tracking":false,"_monsterinsights_sitenote_active":false,"_monsterinsights_sitenote_note":"","_monsterinsights_sitenote_category":0,"footnotes":""},"categories":[53],"tags":[],"class_list":["post-15157","post","type-post","status-publish","format-standard","has-post-thumbnail","hentry","category-noticias-generales"],"lang":"es","translations":{"es":15157,"pt":15160},"pll_sync_post":[],"post_mailing_queue_ids":[],"_links":{"self":[{"href":"https:\/\/www.ibermusicas.org\/index.php\/wp-json\/wp\/v2\/posts\/15157","targetHints":{"allow":["GET"]}}],"collection":[{"href":"https:\/\/www.ibermusicas.org\/index.php\/wp-json\/wp\/v2\/posts"}],"about":[{"href":"https:\/\/www.ibermusicas.org\/index.php\/wp-json\/wp\/v2\/types\/post"}],"author":[{"embeddable":true,"href":"https:\/\/www.ibermusicas.org\/index.php\/wp-json\/wp\/v2\/users\/1"}],"replies":[{"embeddable":true,"href":"https:\/\/www.ibermusicas.org\/index.php\/wp-json\/wp\/v2\/comments?post=15157"}],"version-history":[{"count":0,"href":"https:\/\/www.ibermusicas.org\/index.php\/wp-json\/wp\/v2\/posts\/15157\/revisions"}],"wp:featuredmedia":[{"embeddable":true,"href":"https:\/\/www.ibermusicas.org\/index.php\/wp-json\/wp\/v2\/media\/15166"}],"wp:attachment":[{"href":"https:\/\/www.ibermusicas.org\/index.php\/wp-json\/wp\/v2\/media?parent=15157"}],"wp:term":[{"taxonomy":"category","embeddable":true,"href":"https:\/\/www.ibermusicas.org\/index.php\/wp-json\/wp\/v2\/categories?post=15157"},{"taxonomy":"post_tag","embeddable":true,"href":"https:\/\/www.ibermusicas.org\/index.php\/wp-json\/wp\/v2\/tags?post=15157"}],"curies":[{"name":"wp","href":"https:\/\/api.w.org\/{rel}","templated":true}]}}