{"id":15269,"date":"2023-04-13T16:55:15","date_gmt":"2023-04-13T16:55:15","guid":{"rendered":"https:\/\/www.ibermusicas.org\/?p=15269"},"modified":"2023-05-02T17:44:38","modified_gmt":"2023-05-02T17:44:38","slug":"caravana-do-amanha-inicia-su-gira-por-paraguay-colombia-y-argentina","status":"publish","type":"post","link":"https:\/\/www.ibermusicas.org\/index.php\/caravana-do-amanha-inicia-su-gira-por-paraguay-colombia-y-argentina\/","title":{"rendered":"Caravana do Amanh\u00e3 inicia su gira por Paraguay, Colombia y Argentina"},"content":{"rendered":"<p>\u201cCaravana do Amanh\u00e3\u201d cuenta con composiciones de Iara Ferreira y Elodie Bouny. La asociaci\u00f3n que result\u00f3 en siete canciones, con m\u00fasicas de Elodie y letras de Iara, destaca a la mujer en el papel principal.<\/p>\n<p>&nbsp;<\/p>\n<p>Las mujeres creadoras de \u201cCaravana do Amanh\u00e3\u201d se posicionan de manera \u00fanica, en la literatura po\u00e9tica, como autora y letrista de canciones en paralelo con la compositora e instrumentista, que se desenvuelve en el universo de la guitarra, siendo ambos universos mayoritariamente masculinos.<\/p>\n<p>&nbsp;<\/p>\n<p>Una obra atrevida y con un sonido \u00fanico, con canciones basadas tanto en tradiciones populares como eruditas, po\u00e9ticas y coloquiales, y que en un nexo de uni\u00f3n entre la carrera y la vida de las dos compositoras, une tradiciones musicales latinoamericanas y europeas.<\/p>\n<p>&nbsp;<\/p>\n<p>El espect\u00e1culo propone al p\u00fablico un recorrido por g\u00e9neros actualmente poco difundidos, como la barcarola, el bolero, los aires de cueca argentinos, las influencias andinas y el vals ranchero brasile\u00f1o, con canciones que cuentan, en letras en portugu\u00e9s y en espa\u00f1ol, historias de cari\u00f1o, lucha, encanto y el deseo de un futuro m\u00e1s amable e igualitario para la humanidad.<\/p>\n<p>&nbsp;<\/p>\n<p>Este intenso intercambio favorece a\u00fan m\u00e1s la promoci\u00f3n de la producci\u00f3n art\u00edstica y musical, a trav\u00e9s de nuevas posibilidades de alianzas e influencias culturales.<\/p>\n<p><strong>\u00a0<\/strong><\/p>\n<p>26 de abril, Hohenau, Paraguay<\/p>\n<p>28 de abril, Asunci\u00f3n, Paraguay<\/p>\n<p>02 de mayo, Tunja, Colombia<\/p>\n<p>04 de mayo, Buenos Aires, Argentina<\/p>\n<p>05 de mayo, La Plata, Argentina<\/p>\n","protected":false},"excerpt":{"rendered":"<p>\u201cCaravana do Amanh\u00e3\u201d cuenta con composiciones de Iara Ferreira y Elodie Bouny. La asociaci\u00f3n que result\u00f3 en siete canciones, con m\u00fasicas de Elodie y letras de Iara, destaca a la mujer en el papel principal. &nbsp; Las mujeres creadoras de \u201cCaravana do Amanh\u00e3\u201d se posicionan de manera \u00fanica, en la literatura po\u00e9tica, como autora y [&hellip;]<\/p>\n","protected":false},"author":7,"featured_media":15270,"comment_status":"closed","ping_status":"closed","sticky":false,"template":"","format":"standard","meta":{"_monsterinsights_skip_tracking":false,"_monsterinsights_sitenote_active":false,"_monsterinsights_sitenote_note":"","_monsterinsights_sitenote_category":0,"footnotes":""},"categories":[53],"tags":[],"class_list":["post-15269","post","type-post","status-publish","format-standard","has-post-thumbnail","hentry","category-noticias-generales"],"lang":"es","translations":{"es":15269,"pt":15272},"pll_sync_post":[],"post_mailing_queue_ids":[],"_links":{"self":[{"href":"https:\/\/www.ibermusicas.org\/index.php\/wp-json\/wp\/v2\/posts\/15269","targetHints":{"allow":["GET"]}}],"collection":[{"href":"https:\/\/www.ibermusicas.org\/index.php\/wp-json\/wp\/v2\/posts"}],"about":[{"href":"https:\/\/www.ibermusicas.org\/index.php\/wp-json\/wp\/v2\/types\/post"}],"author":[{"embeddable":true,"href":"https:\/\/www.ibermusicas.org\/index.php\/wp-json\/wp\/v2\/users\/7"}],"replies":[{"embeddable":true,"href":"https:\/\/www.ibermusicas.org\/index.php\/wp-json\/wp\/v2\/comments?post=15269"}],"version-history":[{"count":0,"href":"https:\/\/www.ibermusicas.org\/index.php\/wp-json\/wp\/v2\/posts\/15269\/revisions"}],"wp:featuredmedia":[{"embeddable":true,"href":"https:\/\/www.ibermusicas.org\/index.php\/wp-json\/wp\/v2\/media\/15270"}],"wp:attachment":[{"href":"https:\/\/www.ibermusicas.org\/index.php\/wp-json\/wp\/v2\/media?parent=15269"}],"wp:term":[{"taxonomy":"category","embeddable":true,"href":"https:\/\/www.ibermusicas.org\/index.php\/wp-json\/wp\/v2\/categories?post=15269"},{"taxonomy":"post_tag","embeddable":true,"href":"https:\/\/www.ibermusicas.org\/index.php\/wp-json\/wp\/v2\/tags?post=15269"}],"curies":[{"name":"wp","href":"https:\/\/api.w.org\/{rel}","templated":true}]}}