{"id":15304,"date":"2023-04-14T12:54:43","date_gmt":"2023-04-14T12:54:43","guid":{"rendered":"https:\/\/www.ibermusicas.org\/?p=15304"},"modified":"2023-05-09T13:10:09","modified_gmt":"2023-05-09T13:10:09","slug":"la-asociacion-guitarristica-de-panama-convoca-al-vii-concurso-internacional-de-interpretacion-de-obras-nuevas","status":"publish","type":"post","link":"https:\/\/www.ibermusicas.org\/index.php\/la-asociacion-guitarristica-de-panama-convoca-al-vii-concurso-internacional-de-interpretacion-de-obras-nuevas\/","title":{"rendered":"La Asociaci\u00f3n Guitarr\u00edstica De Panam\u00e1 convoca al VII Concurso Internacional de Interpretaci\u00f3n de Obras Nuevas"},"content":{"rendered":"<p>El concurso est\u00e1 abierto a todos los guitarristas sin restricci\u00f3n de edad ni<\/p>\n<p>nacionalidad. Los ganadores de concursos en versiones anteriores, no podr\u00e1n volver a participar. El jurado estar\u00e1 formado por Marco Corrales (Costa Rica), Edwin Guevara (Colombia), Nadia Borislova (Rusia\/M\u00e9xico), Miguel \u00c1lvarez V\u00e1squez (Chile) y Emiliano Pardo-Trist\u00e1n (Panam\u00e1). Su fallo ser\u00e1 inapelable. Para participar se debe enviar el enlace de YouTube de un video (sin editar), interpretando, de memoria Zarco (tercer movimiento de \u00abSonata en Azul\u00bb, de Emiliano Pardo-Trist\u00e1n. La fecha l\u00edmite para enviar el video es el domingo 2 de julio de 2023.<\/p>\n<p>A partir del lunes 3 de julio, todos los v\u00eddeos se har\u00e1n p\u00fablicos en la p\u00e1gina de Facebook, Asociaci\u00f3n Guitarr\u00edstica de Panam\u00e1. El jurado anunciar\u00e1 a los finalistas el jueves 6 de julio. El ganador ser\u00e1 anunciado el domingo 9 de julio de 2023. El ganador ofrecer\u00e1 un breve concierto pregrabado el s\u00e1bado 15 de julio, donde incluir\u00e1 la obra del concurso y un repertorio de libre elecci\u00f3n. El premio del concurso es de USD 500.<\/p>\n<p>M\u00e1s informaci\u00f3n en: epardo@temple.edu<\/p>\n","protected":false},"excerpt":{"rendered":"<p>El concurso est\u00e1 abierto a todos los guitarristas sin restricci\u00f3n de edad ni nacionalidad. Los ganadores de concursos en versiones anteriores, no podr\u00e1n volver a participar. El jurado estar\u00e1 formado por Marco Corrales (Costa Rica), Edwin Guevara (Colombia), Nadia Borislova (Rusia\/M\u00e9xico), Miguel \u00c1lvarez V\u00e1squez (Chile) y Emiliano Pardo-Trist\u00e1n (Panam\u00e1). Su fallo ser\u00e1 inapelable. Para participar [&hellip;]<\/p>\n","protected":false},"author":7,"featured_media":15322,"comment_status":"closed","ping_status":"closed","sticky":false,"template":"","format":"standard","meta":{"_monsterinsights_skip_tracking":false,"_monsterinsights_sitenote_active":false,"_monsterinsights_sitenote_note":"","_monsterinsights_sitenote_category":0,"footnotes":""},"categories":[53],"tags":[],"class_list":["post-15304","post","type-post","status-publish","format-standard","has-post-thumbnail","hentry","category-noticias-generales"],"lang":"es","translations":{"es":15304,"pt":15312},"pll_sync_post":[],"post_mailing_queue_ids":[],"_links":{"self":[{"href":"https:\/\/www.ibermusicas.org\/index.php\/wp-json\/wp\/v2\/posts\/15304","targetHints":{"allow":["GET"]}}],"collection":[{"href":"https:\/\/www.ibermusicas.org\/index.php\/wp-json\/wp\/v2\/posts"}],"about":[{"href":"https:\/\/www.ibermusicas.org\/index.php\/wp-json\/wp\/v2\/types\/post"}],"author":[{"embeddable":true,"href":"https:\/\/www.ibermusicas.org\/index.php\/wp-json\/wp\/v2\/users\/7"}],"replies":[{"embeddable":true,"href":"https:\/\/www.ibermusicas.org\/index.php\/wp-json\/wp\/v2\/comments?post=15304"}],"version-history":[{"count":0,"href":"https:\/\/www.ibermusicas.org\/index.php\/wp-json\/wp\/v2\/posts\/15304\/revisions"}],"wp:featuredmedia":[{"embeddable":true,"href":"https:\/\/www.ibermusicas.org\/index.php\/wp-json\/wp\/v2\/media\/15322"}],"wp:attachment":[{"href":"https:\/\/www.ibermusicas.org\/index.php\/wp-json\/wp\/v2\/media?parent=15304"}],"wp:term":[{"taxonomy":"category","embeddable":true,"href":"https:\/\/www.ibermusicas.org\/index.php\/wp-json\/wp\/v2\/categories?post=15304"},{"taxonomy":"post_tag","embeddable":true,"href":"https:\/\/www.ibermusicas.org\/index.php\/wp-json\/wp\/v2\/tags?post=15304"}],"curies":[{"name":"wp","href":"https:\/\/api.w.org\/{rel}","templated":true}]}}