{"id":15831,"date":"2023-06-02T17:05:52","date_gmt":"2023-06-02T17:05:52","guid":{"rendered":"https:\/\/www.ibermusicas.org\/?p=15831"},"modified":"2023-06-29T12:50:29","modified_gmt":"2023-06-29T12:50:29","slug":"m5-the-mexican-brass-sera-parte-de-la-programacion-del-festival-de-metales-de-turrialba-cartago-costa-rica","status":"publish","type":"post","link":"https:\/\/www.ibermusicas.org\/index.php\/m5-the-mexican-brass-sera-parte-de-la-programacion-del-festival-de-metales-de-turrialba-cartago-costa-rica\/","title":{"rendered":"M5 The Mexican Brass ser\u00e1 parte de la programaci\u00f3n del\u00a0 Festival de Metales de Turrialba, Cartago, Costa Rica"},"content":{"rendered":"<p>Desde su fundaci\u00f3n en 2005, la amplia trayectoria internacional de M5 Mexican Brass los ha convertido en el quinteto de metales m\u00e1s exitoso de Am\u00e9rica Latina.<\/p>\n<p>&nbsp;<\/p>\n<p>Virtuosa m\u00fasica de c\u00e1mara de todos los g\u00e9neros y \u00e9pocas., su espect\u00e1culo esc\u00e9nico, la interacci\u00f3n carism\u00e1tica con el p\u00fablico y su sonido c\u00e1lido convierten al concierto en un evento m\u00fasico-teatral \u00fanico.<\/p>\n<p>&nbsp;<\/p>\n<p>Siendo uno de los embajadores culturales de M\u00e9xico m\u00e1s activos en el extranjero, el grupo emprendi\u00f3 extensas giras por los EU y Canad\u00e1 desde el 2008. En 2012, M5 hizo su debut latinoamericano en Colombia, en 2013 se present\u00f3 por primera vez en Argelia, \u00c1frica, 2014 en China, en 2015 en Chile, Las Bahamas en 2016 y Alemania en 2017.<\/p>\n<p>&nbsp;<\/p>\n<p>En 2015, el a\u00f1o de su 10. Aniversario, M5 tuvo su debut en el Kennedy Center en Washington DC en 2015. El lanzamiento del CD \u201cM5 on Tour\u201d (grabado en Montreal y disponible en iTunes), as\u00ed como un concierto de Gala en la Sala Nezahualc\u00f3yotl en la Ciudad de M\u00e9xico fueron varios de los eventos especiales en este a\u00f1o.<\/p>\n<p>&nbsp;<\/p>\n<p>Un n\u00famero creciente de compositores contempor\u00e1neos escribe obras para M5. En octubre de 2018, M5 grabaron en Montreal, Quebec su cuarto. \u00e1lbum \u201cOriginals\u201d con puras composiciones originales, escritas para M5 MEXICAN BRASS.<\/p>\n<p>&nbsp;<\/p>\n<p>Esta gira cuenta con el apoyo del Programa Iberm\u00fasicas a trav\u00e9s de las Ayudas al Sector Musical para la Circulaci\u00f3n Iberoamericana.<\/p>\n<p><strong>\u00a0<\/strong><\/p>\n<ul>\n<li>10 de junio, 14:30 h concierto did\u00e1ctico. Universidad de Costa Rica, sede Atl\u00e1ntico<\/li>\n<li>11 de junio, 9:00 h concierto did\u00e1ctico. Universidad de Costa Rica, sede Atl\u00e1ntico<\/li>\n<li>11 de junio, 17:00 h concierto de gala en el Teatro Municipal Omar Salazar Obando<\/li>\n<\/ul>\n","protected":false},"excerpt":{"rendered":"<p>Desde su fundaci\u00f3n en 2005, la amplia trayectoria internacional de M5 Mexican Brass los ha convertido en el quinteto de metales m\u00e1s exitoso de Am\u00e9rica Latina. &nbsp; Virtuosa m\u00fasica de c\u00e1mara de todos los g\u00e9neros y \u00e9pocas., su espect\u00e1culo esc\u00e9nico, la interacci\u00f3n carism\u00e1tica con el p\u00fablico y su sonido c\u00e1lido convierten al concierto en un [&hellip;]<\/p>\n","protected":false},"author":7,"featured_media":15825,"comment_status":"closed","ping_status":"closed","sticky":false,"template":"","format":"standard","meta":{"_monsterinsights_skip_tracking":false,"_monsterinsights_sitenote_active":false,"_monsterinsights_sitenote_note":"","_monsterinsights_sitenote_category":0,"footnotes":""},"categories":[53],"tags":[],"class_list":["post-15831","post","type-post","status-publish","format-standard","has-post-thumbnail","hentry","category-noticias-generales"],"lang":"es","translations":{"es":15831,"pt":15833},"pll_sync_post":[],"post_mailing_queue_ids":[],"_links":{"self":[{"href":"https:\/\/www.ibermusicas.org\/index.php\/wp-json\/wp\/v2\/posts\/15831","targetHints":{"allow":["GET"]}}],"collection":[{"href":"https:\/\/www.ibermusicas.org\/index.php\/wp-json\/wp\/v2\/posts"}],"about":[{"href":"https:\/\/www.ibermusicas.org\/index.php\/wp-json\/wp\/v2\/types\/post"}],"author":[{"embeddable":true,"href":"https:\/\/www.ibermusicas.org\/index.php\/wp-json\/wp\/v2\/users\/7"}],"replies":[{"embeddable":true,"href":"https:\/\/www.ibermusicas.org\/index.php\/wp-json\/wp\/v2\/comments?post=15831"}],"version-history":[{"count":0,"href":"https:\/\/www.ibermusicas.org\/index.php\/wp-json\/wp\/v2\/posts\/15831\/revisions"}],"wp:featuredmedia":[{"embeddable":true,"href":"https:\/\/www.ibermusicas.org\/index.php\/wp-json\/wp\/v2\/media\/15825"}],"wp:attachment":[{"href":"https:\/\/www.ibermusicas.org\/index.php\/wp-json\/wp\/v2\/media?parent=15831"}],"wp:term":[{"taxonomy":"category","embeddable":true,"href":"https:\/\/www.ibermusicas.org\/index.php\/wp-json\/wp\/v2\/categories?post=15831"},{"taxonomy":"post_tag","embeddable":true,"href":"https:\/\/www.ibermusicas.org\/index.php\/wp-json\/wp\/v2\/tags?post=15831"}],"curies":[{"name":"wp","href":"https:\/\/api.w.org\/{rel}","templated":true}]}}