{"id":15833,"date":"2023-06-02T17:07:16","date_gmt":"2023-06-02T17:07:16","guid":{"rendered":"https:\/\/www.ibermusicas.org\/?p=15833"},"modified":"2023-06-29T13:07:50","modified_gmt":"2023-06-29T13:07:50","slug":"m5-the-mexican-brass-fara-parte-do-programa-do-festival-de-metales-de-turrialba-cartago-costa-rica","status":"publish","type":"post","link":"https:\/\/www.ibermusicas.org\/index.php\/m5-the-mexican-brass-fara-parte-do-programa-do-festival-de-metales-de-turrialba-cartago-costa-rica\/","title":{"rendered":"M5 The Mexican Brass far\u00e1 parte do programa do Festival de Metales de Turrialba, Cartago, Costa Rica"},"content":{"rendered":"<p>Desde a sua funda\u00e7\u00e3o em 2005, a extensa trajet\u00f3ria internacional do M5 Mexican Brass transformou-o no quinteto de metais mais bem sucedido da Am\u00e9rica Latina.<\/p>\n<p>&nbsp;<\/p>\n<p>A m\u00fasica de c\u00e2mara virtuosa de todos os g\u00eaneros e per\u00edodos, o seu espect\u00e1culo de palco, a interac\u00e7\u00e3o carism\u00e1tica com o p\u00fablico e o seu som quente fazem do concerto um evento musical-teatral \u00fanico.<\/p>\n<p>&nbsp;<\/p>\n<p>Como um dos embaixadores culturais mais ativos do M\u00e9xico no estrangeiro, o grupo tem estado em digress\u00e3o extensiva nos EUA e no Canad\u00e1 desde 2008. Em 2012, o M5 fez a sua estreia na Am\u00e9rica Latina na Col\u00f4mbia, em 2013 atuou pela primeira vez na Arg\u00e9lia, em \u00c1frica, em 2014 na China, em 2015 no Chile, nas Bahamas em 2016 e na Alemanha em 2017.<\/p>\n<p>&nbsp;<\/p>\n<p>Em 2015, ano do seu 10\u00ba Anivers\u00e1rio, o M5 teve a sua estreia no Kennedy Center em Washington DC em 2015. O lan\u00e7amento do CD \u00abM5 on Tour\u00bb (gravado em Montreal e dispon\u00edvel no iTunes), bem como um concerto de gala na Sala Nezahualc\u00f3yotl na Cidade do M\u00e9xico foram alguns dos eventos especiais deste ano.<\/p>\n<p>&nbsp;<\/p>\n<p>Um n\u00famero crescente de compositores contempor\u00e2neos escreve obras para o M5. Em outubro de 2018, o M5 gravou em Montreal, Quebec, o seu quarto \u00e1lbum \u00abOriginals\u00bb com composi\u00e7\u00f5es puramente originais, escritas para o M5 MEXICAN BRASS.<\/p>\n<p><strong>\u00a0<\/strong><\/p>\n<p>Esta digress\u00e3o conta com o apoio do Programa Iberm\u00fasicas atrav\u00e9s das Ajudas ao Sector Musical para a Circula\u00e7\u00e3o Iberoamericana.<\/p>\n<ul>\n<li>10 de junho, 14:30 h concerto did\u00e1ctico. Universidade da Costa Rica, sec\u00e7\u00e3o do Atl\u00e2ntico<\/li>\n<li>11 de junho, 9:00 h concerto did\u00e1ctico. Universidade da Costa Rica, Ramo Atl\u00e2ntico<\/li>\n<li>11 de junho, 17:00 h concerto de gala no Teatro Municipal Omar Salazar Obando<\/li>\n<\/ul>\n","protected":false},"excerpt":{"rendered":"<p>Desde a sua funda\u00e7\u00e3o em 2005, a extensa trajet\u00f3ria internacional do M5 Mexican Brass transformou-o no quinteto de metais mais bem sucedido da Am\u00e9rica Latina. &nbsp; A m\u00fasica de c\u00e2mara virtuosa de todos os g\u00eaneros e per\u00edodos, o seu espect\u00e1culo de palco, a interac\u00e7\u00e3o carism\u00e1tica com o p\u00fablico e o seu som quente fazem do [&hellip;]<\/p>\n","protected":false},"author":7,"featured_media":15825,"comment_status":"closed","ping_status":"closed","sticky":false,"template":"","format":"standard","meta":{"_monsterinsights_skip_tracking":false,"_monsterinsights_sitenote_active":false,"_monsterinsights_sitenote_note":"","_monsterinsights_sitenote_category":0,"footnotes":""},"categories":[218],"tags":[],"class_list":["post-15833","post","type-post","status-publish","format-standard","has-post-thumbnail","hentry","category-noticias-generales-pt"],"lang":"pt","translations":{"pt":15833,"es":15831},"pll_sync_post":[],"post_mailing_queue_ids":[],"_links":{"self":[{"href":"https:\/\/www.ibermusicas.org\/index.php\/wp-json\/wp\/v2\/posts\/15833","targetHints":{"allow":["GET"]}}],"collection":[{"href":"https:\/\/www.ibermusicas.org\/index.php\/wp-json\/wp\/v2\/posts"}],"about":[{"href":"https:\/\/www.ibermusicas.org\/index.php\/wp-json\/wp\/v2\/types\/post"}],"author":[{"embeddable":true,"href":"https:\/\/www.ibermusicas.org\/index.php\/wp-json\/wp\/v2\/users\/7"}],"replies":[{"embeddable":true,"href":"https:\/\/www.ibermusicas.org\/index.php\/wp-json\/wp\/v2\/comments?post=15833"}],"version-history":[{"count":0,"href":"https:\/\/www.ibermusicas.org\/index.php\/wp-json\/wp\/v2\/posts\/15833\/revisions"}],"wp:featuredmedia":[{"embeddable":true,"href":"https:\/\/www.ibermusicas.org\/index.php\/wp-json\/wp\/v2\/media\/15825"}],"wp:attachment":[{"href":"https:\/\/www.ibermusicas.org\/index.php\/wp-json\/wp\/v2\/media?parent=15833"}],"wp:term":[{"taxonomy":"category","embeddable":true,"href":"https:\/\/www.ibermusicas.org\/index.php\/wp-json\/wp\/v2\/categories?post=15833"},{"taxonomy":"post_tag","embeddable":true,"href":"https:\/\/www.ibermusicas.org\/index.php\/wp-json\/wp\/v2\/tags?post=15833"}],"curies":[{"name":"wp","href":"https:\/\/api.w.org\/{rel}","templated":true}]}}