{"id":15835,"date":"2023-06-02T17:09:22","date_gmt":"2023-06-02T17:09:22","guid":{"rendered":"https:\/\/www.ibermusicas.org\/?p=15835"},"modified":"2023-06-02T17:09:22","modified_gmt":"2023-06-02T17:09:22","slug":"con-una-extensa-gira-europea-el-artista-paraguayo-pedro-martinez-comparte-el-resultado-de-su-curso-de-perfeccionamiento-realizado-en-el-centro-superior-de-musica-liceu-de-barcelona","status":"publish","type":"post","link":"https:\/\/www.ibermusicas.org\/index.php\/con-una-extensa-gira-europea-el-artista-paraguayo-pedro-martinez-comparte-el-resultado-de-su-curso-de-perfeccionamiento-realizado-en-el-centro-superior-de-musica-liceu-de-barcelona\/","title":{"rendered":"Con una extensa gira Europea el artista paraguayo Pedro Mart\u00ednez comparte el resultado de su curso de perfeccionamiento realizado en el Centro Superior de M\u00fasica Liceu de Barcelona"},"content":{"rendered":"<p>Compartiendo los resultados de su curso de perfeccionamiento en procesos musicales creativos a cargo del maestro Pablo Selnik, en busca de expandir los horizontes creativos por medio del aprendizaje e incorporaci\u00f3n de diversas t\u00e9cnicas contempor\u00e1neas de composici\u00f3n, el guitarrista, compositor e investigador paraguayo Pedro Mart\u00ednez realiza una gran gira europea.<\/p>\n<p>&nbsp;<\/p>\n<p>Guitarrista, compositor e investigador. Licenciado en m\u00fasica por la Universidad Federal de la Integraci\u00f3n Latinoamericana (Foz de Iguaz\u00fa, Brasil). Formado en el curso de MPB\/Jazz del Conservatorio de Tatui (S\u00e3o Paulo, Brasil).\u00a0 Su labor art\u00edstica como compositor est\u00e1 directamente conectada con su labor como investigador, en la cual desarrolla un trabajo de pesquisa sobre las expresiones populares musicales de tradici\u00f3n oral del Paraguay y Am\u00e9rica Latina.<\/p>\n<p>&nbsp;<\/p>\n<p>Como compositor e int\u00e9rprete, ya se present\u00f3 en diversos escenarios en Argentina, Brasil, Per\u00fa, Colombia, Chile, Uruguay y Paraguay, recibiendo elogios de la cr\u00edtica nacional e internacional. Cuenta con tres trabajos discogr\u00e1ficos: Macondo (2006), Sonidos Del Sur (2013) y Encuentro (2021). Actualmente se desempe\u00f1a como docente en la Universidad Nacional de Asunci\u00f3n. A la vez Pedro Mart\u00ednez contin\u00faa su gira por Europa, la cual se extender\u00e1 hasta mediados de julio, ofreciendo una serie de conciertos y masterclass en m\u00e1s de quince ciudades de Europa.<\/p>\n<p>&nbsp;<\/p>\n<p>Para la realizaci\u00f3n de su curso de perfeccionamiento realizado en el Centro Superior de M\u00fasica Liceu de Barcelona, Pedro Mart\u00ednez ha contado con el apoyo de Iberm\u00fasicas mediante la l\u00ednea de acci\u00f3n de Ayudas para la especializaci\u00f3n y el perfeccionamiento art\u00edstico y t\u00e9cnico del sector musical.<\/p>\n<ul>\n<li>11 de junio, Versmold (Alemania)<\/li>\n<li>12 de junio, Versmold (Alemania)<\/li>\n<li>13 de junio, Versmold (Alemania)<\/li>\n<li>14 de junio, Berl\u00edn (Alemania)<\/li>\n<li>17 de junio, Festival Altonale, Hamburgo (Alemania)<\/li>\n<li>23 de junio, Casa de Am\u00e9rica Latina, Lisboa, Portugal<\/li>\n<li>18 de junio, Hamburgo (Alemania)<\/li>\n<li>29 de junio, Girona (Espa\u00f1a)<\/li>\n<li>30 de junio, Barcelona (Espa\u00f1a)<\/li>\n<li>02 de julio, Barcelona (Espa\u00f1a)<\/li>\n<li>07 de julio, Barcelona (Espa\u00f1a)<\/li>\n<li>13 de julio, Barcelona (Espa\u00f1a)<\/li>\n<\/ul>\n<p>&nbsp;<\/p>\n<p><a href=\"https:\/\/www.facebook.com\/PedroMartinezPY\">https:\/\/www.facebook.com\/PedroMartinezPY<\/a><\/p>\n","protected":false},"excerpt":{"rendered":"<p>Compartiendo los resultados de su curso de perfeccionamiento en procesos musicales creativos a cargo del maestro Pablo Selnik, en busca de expandir los horizontes creativos por medio del aprendizaje e incorporaci\u00f3n de diversas t\u00e9cnicas contempor\u00e1neas de composici\u00f3n, el guitarrista, compositor e investigador paraguayo Pedro Mart\u00ednez realiza una gran gira europea. &nbsp; Guitarrista, compositor e investigador. [&hellip;]<\/p>\n","protected":false},"author":7,"featured_media":15836,"comment_status":"closed","ping_status":"closed","sticky":false,"template":"","format":"standard","meta":{"_monsterinsights_skip_tracking":false,"_monsterinsights_sitenote_active":false,"_monsterinsights_sitenote_note":"","_monsterinsights_sitenote_category":0,"footnotes":""},"categories":[53],"tags":[],"class_list":["post-15835","post","type-post","status-publish","format-standard","has-post-thumbnail","hentry","category-noticias-generales"],"lang":"es","translations":{"es":15835,"pt":15838},"pll_sync_post":[],"post_mailing_queue_ids":[],"_links":{"self":[{"href":"https:\/\/www.ibermusicas.org\/index.php\/wp-json\/wp\/v2\/posts\/15835","targetHints":{"allow":["GET"]}}],"collection":[{"href":"https:\/\/www.ibermusicas.org\/index.php\/wp-json\/wp\/v2\/posts"}],"about":[{"href":"https:\/\/www.ibermusicas.org\/index.php\/wp-json\/wp\/v2\/types\/post"}],"author":[{"embeddable":true,"href":"https:\/\/www.ibermusicas.org\/index.php\/wp-json\/wp\/v2\/users\/7"}],"replies":[{"embeddable":true,"href":"https:\/\/www.ibermusicas.org\/index.php\/wp-json\/wp\/v2\/comments?post=15835"}],"version-history":[{"count":0,"href":"https:\/\/www.ibermusicas.org\/index.php\/wp-json\/wp\/v2\/posts\/15835\/revisions"}],"wp:featuredmedia":[{"embeddable":true,"href":"https:\/\/www.ibermusicas.org\/index.php\/wp-json\/wp\/v2\/media\/15836"}],"wp:attachment":[{"href":"https:\/\/www.ibermusicas.org\/index.php\/wp-json\/wp\/v2\/media?parent=15835"}],"wp:term":[{"taxonomy":"category","embeddable":true,"href":"https:\/\/www.ibermusicas.org\/index.php\/wp-json\/wp\/v2\/categories?post=15835"},{"taxonomy":"post_tag","embeddable":true,"href":"https:\/\/www.ibermusicas.org\/index.php\/wp-json\/wp\/v2\/tags?post=15835"}],"curies":[{"name":"wp","href":"https:\/\/api.w.org\/{rel}","templated":true}]}}