{"id":15843,"date":"2023-06-02T17:14:29","date_gmt":"2023-06-02T17:14:29","guid":{"rendered":"https:\/\/www.ibermusicas.org\/?p=15843"},"modified":"2023-06-02T17:14:29","modified_gmt":"2023-06-02T17:14:29","slug":"a-guitarrista-mexicana-nadia-borislova-leva-a-sua-poesia-em-seis-cordas-ao-chile","status":"publish","type":"post","link":"https:\/\/www.ibermusicas.org\/index.php\/a-guitarrista-mexicana-nadia-borislova-leva-a-sua-poesia-em-seis-cordas-ao-chile\/","title":{"rendered":"A guitarrista mexicana Nadia Borislova leva a sua Poesia em seis cordas ao Chile"},"content":{"rendered":"<p>O projecto \u00abPoes\u00eda en seis cuerdas\u00bb ser\u00e1 realizado sob a forma de concertos, confer\u00eancias e master classes na Universidade do Chile.<\/p>\n<p>&nbsp;<\/p>\n<p>Nadia Borislova \u00e9 guitarrista e compositora. Nasceu em Moscovo, R\u00fassia, e adquiriu a nacionalidade mexicana em 1995. Estudou Guitarra e Direc\u00e7\u00e3o de Orquestra de Instrumentos Folcl\u00f3ricos Russos no Conservat\u00f3rio Gnesinij em Moscovo. No M\u00e9xico, completou os seus estudos de mestrado e doutoramento em m\u00fasica na Faculdade de M\u00fasica da UNAM. A carreira de Borislova como concertista tem sido constante e intensa desde 1988.<\/p>\n<p>&nbsp;<\/p>\n<p>Tem dado concertos, cursos e palestras em importantes f\u00f3runs na R\u00fassia, Fran\u00e7a, Hungria, Espanha, It\u00e1lia, Estados Unidos, Canad\u00e1, Costa Rica, Brasil, Panam\u00e1, Peru, Cuba, Paraguai, Marrocos e M\u00e9xico, onde tamb\u00e9m participou como membro do j\u00fari em Concursos de Guitarra e Composi\u00e7\u00e3o. A sua obra foi publicada na R\u00fassia, M\u00e9xico, It\u00e1lia, Su\u00e9cia, Espanha, Panam\u00e1, Argentina, Estados Unidos e Canad\u00e1.<\/p>\n<p>&nbsp;<\/p>\n<p>Gravou mais de 30 CD e recebeu in\u00fameros pr\u00eamios nacionais e internacionais como int\u00e9rprete, compositora, investigadora, professora, gestora e diretora de grupos. De 2019 a 2021 foi benefici\u00e1ria do Programa Creadores Esc\u00e9nicos com Trayectoria do Fondo Nacional para la Cultura y las Artes.<\/p>\n<p>&nbsp;<\/p>\n<p>Desde 1994 at\u00e9 \u00e0 data, trabalhou como professora na Faculdade de Artes da Benem\u00e9rita Universidad Aut\u00f3noma de Puebla.<\/p>\n<p>&nbsp;<\/p>\n<p>Nadia Borislova deslocar-se-\u00e1 ao Chile gra\u00e7as ao apoio do Iberm\u00fasicas na sua linha de ac\u00e7\u00e3o de Ajuda ao Sector Musical para a Circula\u00e7\u00e3o Ibero-Americana.<\/p>\n<p>&nbsp;<\/p>\n<ul>\n<li>12 de junho, 12:00-13:00: Palestra \u00ab\u00c9cfrasis musical: m\u00fasica para guitarra baseada en la poes\u00eda\u00bb<\/li>\n<li>12 de junho, 13:00-14:00: Concerto-apresenta\u00e7\u00e3o do livro \u00abO caderno do guitarrista mais pequeno\u201d<\/li>\n<li>14 de junho, 18h30: Concerto \u00abPoesia em seis cordas\u00bb. Artistas convidados: Ximena Matamoros (Chile) e Emiliano Pardo-Trist\u00e1n (Panam\u00e1-EUA)<\/li>\n<li>15 de Junho, 9:00-13:00: Masterclasses de guitarra. Divulga\u00e7\u00e3o de conhecimentos \u00e0s novas gera\u00e7\u00f5es de criadores e int\u00e9rpretes.<\/li>\n<\/ul>\n<p>&nbsp;<\/p>\n<p>Sala Isidora Zegers, Faculdade de Artes, Universidade do Chile, Santiago do Chile<\/p>\n","protected":false},"excerpt":{"rendered":"<p>O projecto \u00abPoes\u00eda en seis cuerdas\u00bb ser\u00e1 realizado sob a forma de concertos, confer\u00eancias e master classes na Universidade do Chile. &nbsp; Nadia Borislova \u00e9 guitarrista e compositora. Nasceu em Moscovo, R\u00fassia, e adquiriu a nacionalidade mexicana em 1995. Estudou Guitarra e Direc\u00e7\u00e3o de Orquestra de Instrumentos Folcl\u00f3ricos Russos no Conservat\u00f3rio Gnesinij em Moscovo. No [&hellip;]<\/p>\n","protected":false},"author":7,"featured_media":15841,"comment_status":"closed","ping_status":"closed","sticky":false,"template":"","format":"standard","meta":{"_monsterinsights_skip_tracking":false,"_monsterinsights_sitenote_active":false,"_monsterinsights_sitenote_note":"","_monsterinsights_sitenote_category":0,"footnotes":""},"categories":[218],"tags":[],"class_list":["post-15843","post","type-post","status-publish","format-standard","has-post-thumbnail","hentry","category-noticias-generales-pt"],"lang":"pt","translations":{"pt":15843,"es":15840},"pll_sync_post":[],"post_mailing_queue_ids":[],"_links":{"self":[{"href":"https:\/\/www.ibermusicas.org\/index.php\/wp-json\/wp\/v2\/posts\/15843","targetHints":{"allow":["GET"]}}],"collection":[{"href":"https:\/\/www.ibermusicas.org\/index.php\/wp-json\/wp\/v2\/posts"}],"about":[{"href":"https:\/\/www.ibermusicas.org\/index.php\/wp-json\/wp\/v2\/types\/post"}],"author":[{"embeddable":true,"href":"https:\/\/www.ibermusicas.org\/index.php\/wp-json\/wp\/v2\/users\/7"}],"replies":[{"embeddable":true,"href":"https:\/\/www.ibermusicas.org\/index.php\/wp-json\/wp\/v2\/comments?post=15843"}],"version-history":[{"count":0,"href":"https:\/\/www.ibermusicas.org\/index.php\/wp-json\/wp\/v2\/posts\/15843\/revisions"}],"wp:featuredmedia":[{"embeddable":true,"href":"https:\/\/www.ibermusicas.org\/index.php\/wp-json\/wp\/v2\/media\/15841"}],"wp:attachment":[{"href":"https:\/\/www.ibermusicas.org\/index.php\/wp-json\/wp\/v2\/media?parent=15843"}],"wp:term":[{"taxonomy":"category","embeddable":true,"href":"https:\/\/www.ibermusicas.org\/index.php\/wp-json\/wp\/v2\/categories?post=15843"},{"taxonomy":"post_tag","embeddable":true,"href":"https:\/\/www.ibermusicas.org\/index.php\/wp-json\/wp\/v2\/tags?post=15843"}],"curies":[{"name":"wp","href":"https:\/\/api.w.org\/{rel}","templated":true}]}}