{"id":15845,"date":"2023-06-02T17:17:01","date_gmt":"2023-06-02T17:17:01","guid":{"rendered":"https:\/\/www.ibermusicas.org\/?p=15845"},"modified":"2023-06-29T12:50:19","modified_gmt":"2023-06-29T12:50:19","slug":"la-agrupacion-guitarrisitca-mexicana-sicaru-presentara-en-cuba-su-album-candombe-musica-afroamericana-para-ensamble-de-guitarras","status":"publish","type":"post","link":"https:\/\/www.ibermusicas.org\/index.php\/la-agrupacion-guitarrisitca-mexicana-sicaru-presentara-en-cuba-su-album-candombe-musica-afroamericana-para-ensamble-de-guitarras\/","title":{"rendered":"La agrupaci\u00f3n guitarr\u00edstica mexicana Sicar\u00fa presentar\u00e1 en Cuba su \u00e1lbum \u00abCandombe &#8211; m\u00fasica afroamericana para ensamble de guitarras\u00bb"},"content":{"rendered":"<p>Sicar\u00fa es el ensamble guitarr\u00edstico mexicano m\u00e1s laureado a nivel internacional, incluyendo el primer lugar en el Guitar Foundation of America\u2019s International Ensemble Competition (2017). El periplo musical de Sicar\u00fa lo ha llevado a presentarse en Austria, Brasil, Croacia, Cuba, Eslovaquia, Estados Unidos, Hungr\u00eda, Italia, M\u00e9xico, Rep\u00fablica Checa y Uruguay. Inicialmente creado como un octeto en 2010 por Rodrigo Lara Alonso, Sicar\u00fa es, hoy en d\u00eda, un ensamble con un n\u00famero variable de integrantes.<\/p>\n<p>Sicar\u00fa viaja a Cuba no s\u00f3lo para realizar un concierto sino tambi\u00e9n para realizar un cortometraje documental en colaboraci\u00f3n con Casa de las Am\u00e9ricas. El documental, que es una iniciativa apoyada por Iberm\u00fasicas mediante su l\u00ednea de Ayudas al Sector Musical en Modalidad Virtual,\u00a0 pretende mostrar que los g\u00e9neros musicales afroamericanos, adem\u00e1s de ser claramente identitarios, representan una centralidad epist\u00e9mica en la m\u00fasica de concierto. A trav\u00e9s de conversaciones con expertos en temas afroamericanos, con la \u00fanica guitarrista cl\u00e1sica afromexicana en la actualidad y con el creador del proyecto, se narrar\u00e1 la historia de Candombe, proyecto que llena un vac\u00edo en la m\u00fasica para guitarra cl\u00e1sica, al colocar en posici\u00f3n central a tres elementos marginales en la m\u00fasica de concierto: lo afro, la guitarra y la mujer. Es un proyecto sui generis puesto que, en el \u00e1mbito de la denominada m\u00fasica de concierto\/acad\u00e9mica, a\u00fan se valora a las m\u00fasicas latinoamericanas y caribe\u00f1as que contienen elementos africanos con un cierto exotismo y no como una cuesti\u00f3n identitaria. El elemento afro, a nivel continental, es claramente central, no marginal ni ex\u00f3tico.<\/p>\n<p>&nbsp;<\/p>\n<p>Casa de las Am\u00e9ricas, fundada en 1959 por Hayd\u00e9e Santamar\u00eda, promociona, investiga, auspicia, premia y publica la labor de escritores, artistas de la pl\u00e1stica, m\u00fasicos, teatristas y estudiosos de la literatura, las artes y las ciencias sociales del continente. Es una entidad de referencia en los asuntos de la afroamericanidad a nivel continental.<\/p>\n<p>Mi\u00e9rcoles 14 de junio, 17 h. Bas\u00edlica Menor del Convento San Francisco de As\u00eds, La Habana Vieja, Cuba<\/p>\n<p>&nbsp;<\/p>\n<p><a href=\"http:\/\/www.youtube.com\/sicaruguitar\">www.youtube.com\/sicaruguitar<\/a><\/p>\n<p><a href=\"http:\/\/www.facebook.com\/sicaruguitar\">www.facebook.com\/sicaruguitar<\/a><\/p>\n<p><a href=\"https:\/\/sicaruguitar.com\/\">https:\/\/sicaruguitar.com\/<\/a><\/p>\n","protected":false},"excerpt":{"rendered":"<p>Sicar\u00fa es el ensamble guitarr\u00edstico mexicano m\u00e1s laureado a nivel internacional, incluyendo el primer lugar en el Guitar Foundation of America\u2019s International Ensemble Competition (2017). El periplo musical de Sicar\u00fa lo ha llevado a presentarse en Austria, Brasil, Croacia, Cuba, Eslovaquia, Estados Unidos, Hungr\u00eda, Italia, M\u00e9xico, Rep\u00fablica Checa y Uruguay. Inicialmente creado como un octeto [&hellip;]<\/p>\n","protected":false},"author":7,"featured_media":16037,"comment_status":"closed","ping_status":"closed","sticky":false,"template":"","format":"standard","meta":{"_monsterinsights_skip_tracking":false,"_monsterinsights_sitenote_active":false,"_monsterinsights_sitenote_note":"","_monsterinsights_sitenote_category":0,"footnotes":""},"categories":[53],"tags":[],"class_list":["post-15845","post","type-post","status-publish","format-standard","has-post-thumbnail","hentry","category-noticias-generales"],"lang":"es","translations":{"es":15845,"pt":15848},"pll_sync_post":[],"post_mailing_queue_ids":[],"_links":{"self":[{"href":"https:\/\/www.ibermusicas.org\/index.php\/wp-json\/wp\/v2\/posts\/15845","targetHints":{"allow":["GET"]}}],"collection":[{"href":"https:\/\/www.ibermusicas.org\/index.php\/wp-json\/wp\/v2\/posts"}],"about":[{"href":"https:\/\/www.ibermusicas.org\/index.php\/wp-json\/wp\/v2\/types\/post"}],"author":[{"embeddable":true,"href":"https:\/\/www.ibermusicas.org\/index.php\/wp-json\/wp\/v2\/users\/7"}],"replies":[{"embeddable":true,"href":"https:\/\/www.ibermusicas.org\/index.php\/wp-json\/wp\/v2\/comments?post=15845"}],"version-history":[{"count":0,"href":"https:\/\/www.ibermusicas.org\/index.php\/wp-json\/wp\/v2\/posts\/15845\/revisions"}],"wp:featuredmedia":[{"embeddable":true,"href":"https:\/\/www.ibermusicas.org\/index.php\/wp-json\/wp\/v2\/media\/16037"}],"wp:attachment":[{"href":"https:\/\/www.ibermusicas.org\/index.php\/wp-json\/wp\/v2\/media?parent=15845"}],"wp:term":[{"taxonomy":"category","embeddable":true,"href":"https:\/\/www.ibermusicas.org\/index.php\/wp-json\/wp\/v2\/categories?post=15845"},{"taxonomy":"post_tag","embeddable":true,"href":"https:\/\/www.ibermusicas.org\/index.php\/wp-json\/wp\/v2\/tags?post=15845"}],"curies":[{"name":"wp","href":"https:\/\/api.w.org\/{rel}","templated":true}]}}