{"id":15848,"date":"2023-06-02T17:18:25","date_gmt":"2023-06-02T17:18:25","guid":{"rendered":"https:\/\/www.ibermusicas.org\/?p=15848"},"modified":"2023-06-29T13:07:43","modified_gmt":"2023-06-29T13:07:43","slug":"o-conjunto-de-guitarras-mexicanas-sicaru-apresentara-em-cuba-o-seu-album-candombe-afro-american-music-for-guitar-ensemble","status":"publish","type":"post","link":"https:\/\/www.ibermusicas.org\/index.php\/o-conjunto-de-guitarras-mexicanas-sicaru-apresentara-em-cuba-o-seu-album-candombe-afro-american-music-for-guitar-ensemble\/","title":{"rendered":"O conjunto de guitarras mexicanas Sicar\u00fa apresentar\u00e1 em Cuba o seu \u00e1lbum \u00abCandombe &#8211; Afro-American music for guitar ensemble\u00bb"},"content":{"rendered":"<p>Sicar\u00fa \u00e9 o conjunto de guitarras mexicanas mais premiado internacionalmente, incluindo o primeiro lugar no Concurso Internacional de Conjuntos da Guitar Foundation of America (2017). O percurso musical de Sicar\u00fa levou-o a actuar na \u00c1ustria, Brasil, Cro\u00e1cia, Cuba, Eslov\u00e1quia, Estados Unidos, Hungria, It\u00e1lia, M\u00e9xico, Rep\u00fablica Tcheca e Uruguai. Inicialmente criado como um octeto em 2010 por Rodrigo Lara Alonso, Sicar\u00fa \u00e9 hoje um ensemble com um n\u00famero vari\u00e1vel de membros.<\/p>\n<p>&nbsp;<\/p>\n<p>Sicar\u00fa desloca-se a Cuba n\u00e3o s\u00f3 para dar um concerto, mas tamb\u00e9m para realizar um pequeno document\u00e1rio em colabora\u00e7\u00e3o com a Casa de las Am\u00e9ricas. O document\u00e1rio, que \u00e9 uma iniciativa apoiada pelo Programa Iberm\u00fasicas atrav\u00e9s da sua linha de Ajudas ao Sector Musical em Modalidad Virtual, pretende mostrar que os g\u00e9neros musicais afro-americanos, para al\u00e9m de serem claramente identit\u00e1rios, representam uma centralidade epist\u00e9mica na m\u00fasica de concerto. Atrav\u00e9s de conversas com especialistas em temas afro-americanos, com a \u00fanica violonista cl\u00e1ssica afro-mexicana da actualidade e com o criador do projecto, ser\u00e1 contada a hist\u00f3ria do Candombe, um projecto que preenche um vazio na m\u00fasica cl\u00e1ssica de guitarra, colocando tr\u00eas elementos marginais na m\u00fasica de concerto numa posi\u00e7\u00e3o central: o afro, a guitarra e a mulher. Trata-se de um projecto sui generis, uma vez que, no campo da chamada m\u00fasica de concerto\/acad\u00e9mica, a m\u00fasica latino-americana e caribenha com elementos africanos \u00e9 ainda valorizada com um certo exotismo e n\u00e3o como uma quest\u00e3o de identidade. O elemento afro, a n\u00edvel continental, \u00e9 claramente central, n\u00e3o marginal ou ex\u00f3tico.<\/p>\n<p>&nbsp;<\/p>\n<p>Casa de las Am\u00e9ricas, fundada em 1959 por Hayd\u00e9e Santamar\u00eda, promove, investiga, patrocina, premia e publica o trabalho de escritores, artistas pl\u00e1sticos, m\u00fasicos, artistas de teatro e acad\u00eamicos de literatura, artes e ci\u00eancias sociais do continente. \u00c9 um ponto de refer\u00eancia para as quest\u00f5es afro-americanas a n\u00edvel continental.<\/p>\n<p>Quarta-feira, 14 de Junho, 17 horas. Bas\u00edlica Menor do Convento de S\u00e3o Francisco de Assis, La Habana Vieja, Cuba<\/p>\n<p>&nbsp;<\/p>\n<p><a href=\"http:\/\/www.youtube.com\/sicaruguitar\">www.youtube.com\/sicaruguitar<\/a><\/p>\n<p><a href=\"http:\/\/www.facebook.com\/sicaruguitar\">www.facebook.com\/sicaruguitar<\/a><\/p>\n<p><a href=\"https:\/\/sicaruguitar.com\/\">https:\/\/sicaruguitar.com\/<\/a><\/p>\n","protected":false},"excerpt":{"rendered":"<p>Sicar\u00fa \u00e9 o conjunto de guitarras mexicanas mais premiado internacionalmente, incluindo o primeiro lugar no Concurso Internacional de Conjuntos da Guitar Foundation of America (2017). O percurso musical de Sicar\u00fa levou-o a actuar na \u00c1ustria, Brasil, Cro\u00e1cia, Cuba, Eslov\u00e1quia, Estados Unidos, Hungria, It\u00e1lia, M\u00e9xico, Rep\u00fablica Tcheca e Uruguai. Inicialmente criado como um octeto em 2010 [&hellip;]<\/p>\n","protected":false},"author":7,"featured_media":16038,"comment_status":"closed","ping_status":"closed","sticky":false,"template":"","format":"standard","meta":{"_monsterinsights_skip_tracking":false,"_monsterinsights_sitenote_active":false,"_monsterinsights_sitenote_note":"","_monsterinsights_sitenote_category":0,"footnotes":""},"categories":[218],"tags":[],"class_list":["post-15848","post","type-post","status-publish","format-standard","has-post-thumbnail","hentry","category-noticias-generales-pt"],"lang":"pt","translations":{"pt":15848,"es":15845},"pll_sync_post":[],"post_mailing_queue_ids":[],"_links":{"self":[{"href":"https:\/\/www.ibermusicas.org\/index.php\/wp-json\/wp\/v2\/posts\/15848","targetHints":{"allow":["GET"]}}],"collection":[{"href":"https:\/\/www.ibermusicas.org\/index.php\/wp-json\/wp\/v2\/posts"}],"about":[{"href":"https:\/\/www.ibermusicas.org\/index.php\/wp-json\/wp\/v2\/types\/post"}],"author":[{"embeddable":true,"href":"https:\/\/www.ibermusicas.org\/index.php\/wp-json\/wp\/v2\/users\/7"}],"replies":[{"embeddable":true,"href":"https:\/\/www.ibermusicas.org\/index.php\/wp-json\/wp\/v2\/comments?post=15848"}],"version-history":[{"count":0,"href":"https:\/\/www.ibermusicas.org\/index.php\/wp-json\/wp\/v2\/posts\/15848\/revisions"}],"wp:featuredmedia":[{"embeddable":true,"href":"https:\/\/www.ibermusicas.org\/index.php\/wp-json\/wp\/v2\/media\/16038"}],"wp:attachment":[{"href":"https:\/\/www.ibermusicas.org\/index.php\/wp-json\/wp\/v2\/media?parent=15848"}],"wp:term":[{"taxonomy":"category","embeddable":true,"href":"https:\/\/www.ibermusicas.org\/index.php\/wp-json\/wp\/v2\/categories?post=15848"},{"taxonomy":"post_tag","embeddable":true,"href":"https:\/\/www.ibermusicas.org\/index.php\/wp-json\/wp\/v2\/tags?post=15848"}],"curies":[{"name":"wp","href":"https:\/\/api.w.org\/{rel}","templated":true}]}}